

{"id":27640,"date":"2023-10-12T12:21:13","date_gmt":"2023-10-12T10:21:13","guid":{"rendered":"https:\/\/modemart.hu\/blogposts\/erhardt-miklos-hogy-mar-nem-leszek-az-aki-szerettem-volna-lenni\/"},"modified":"2023-10-12T12:22:48","modified_gmt":"2023-10-12T10:22:48","slug":"erhardt-miklos-hogy-mar-nem-leszek-az-aki-szerettem-volna-lenni","status":"publish","type":"blogposts","link":"https:\/\/modemart.hu\/en\/blogposts\/erhardt-miklos-hogy-mar-nem-leszek-az-aki-szerettem-volna-lenni\/","title":{"rendered":"Mikl\u00f3s Erhardt: \u201c&#8230;that I won\u2019t become who I wanted to be\u201d"},"content":{"rendered":"<p>2018<br>video, 10\u201913\u201d<\/p><p>Mikl\u00f3s Erhardt\u2019s <em>\u201c&#8230;that I won\u2019t become who I wanted to be\u201d<\/em> is a re-enacted monologue from Istv\u00e1n D\u00e1rday\u2019s 42-minute-long, 1975 documentary <em>The Raggedy Princess<\/em>,<a href=\"#_ftn1\" id=\"_ftnref1\"><sup>[1]<\/sup><\/a> in which we hear a young anonymous Roma worker candidly speak about his life. Erhardt ironically claims that the genre of the film is \u201ccomplaining\u201d\u2014as to how one fails to achieve what one wanted in life, blaming the circumstances and, to a lesser extent, oneself.<a href=\"#_ftn2\" id=\"_ftnref2\"><sup>[2]<\/sup><\/a><sup><\/sup><\/p><p>D\u00e1rday\u2019s film introduces a cultural campaign of the K\u00e1d\u00e1r era in which low-budget theatre performances were offered to workers\u2019 hostels all around the country, in order to raise the morale of the working class. The documentary, that amplifies the absurdity of the situation with its distanced manner, includes scenes from a shabby performance of <em>My Fair Lady<\/em>, cutaway shots of the audience, as well as interviews with the actors, the director and the officials responsible for the campaign. Two members of the audience are also asked about their experience: an elderly worker who is duly enthusiastic at expressing his gratitude to the organisers, and the young, touchingly sincere man, whose words stand out from the fabric of the film and have nothing to do with either the performance, or the communist cultural mission in general. He speaks with complete frankness about his own failure and bitter resignation, uttering repeatedly the phrase that Erhardt chose as the title of his work: <em>\u201c&#8230;that I won\u2019t become who I wanted to be\u201d<\/em>. This strikingly personal statement seems to transcend the scope of the documentary and raises to universal value, pointing to the general incompatibility of society and the individuum.<\/p><p>In his re-enactment, Erhardt strives to complete mimesis; in addition to his choices of make-up, clothing, gestures and intonation, also the camera and sound settings imitate the original black-and-white interview. Erhardt, like the worker, speaks in a performative situation to an invisible interviewer, whose questions\u2014audible in the original film\u2014here are replaced by subtitles. The work alludes to the common tendency of artistic re-enactments to present stories that have been omitted from official memory, as well as narratives of marginalized social groups, from a different perspective. Erhardt consciously assumes the role of mediator, but, precisely through the performative act of repetition or iteration, he also seeks to achieve a complete but unrealisable identification. Thus he does not merely represent his subject matter but through the artistic form he has chosen, also makes it tangible and present\u2014for us, too.<a id=\"_ftnref3\" href=\"#_ftn3\"><sup>[3]<\/sup><\/a><\/p><hr class=\"wp-block-separator has-alpha-channel-opacity\"\/><p><a href=\"#_ftnref1\" id=\"_ftn1\"><sup>[1]<\/sup><\/a>&nbsp;&nbsp;&nbsp; https:\/\/www.youtube.com\/watch?v=XxX65s4qV78&amp;t=1s (23\u201905\u201d to 37\u201910\u201d)<\/p><p><a href=\"#_ftnref2\" id=\"_ftn2\"><sup>[2]<\/sup><\/a>&nbsp;&nbsp;&nbsp; K\u00f3kai, K\u00e1roly: <em>Today I am somehow interested in smaller things &#8211; Conversation with Mikl\u00f3s Erhardt<\/em>, A M\u0171, 22 February 2022., https:\/\/amu.hvg.hu\/2022\/02\/22\/ma-valahogy-kisebb-dolgok-erdekel-nek-beszelgetes-erhardt-miklossal\/<\/p><p><a href=\"#_ftnref3\" id=\"_ftn3\"><sup>[3]<\/sup><\/a>&nbsp;&nbsp;&nbsp; Gelencs\u00e9r, G\u00e1bor: <em>Ki b\u00e9k\u00fcl? Erhardt Mikl\u00f3s: <\/em>\u201e\u2026hogy m\u00e1r nem leszek az, aki szerettem volna lenni\u201d, Pannonhalmi Szemle, 28. \u00e9vf. 4. sz. 2020, pp. 134\u2013138.<\/p>","protected":false},"featured_media":0,"template":"","class_list":["post-27640","blogposts","type-blogposts","status-publish","hentry","col-md-4 col-sm-6"],"acf":[],"yoast_head":"<!-- This site is optimized with the Yoast SEO plugin v24.4 - https:\/\/yoast.com\/wordpress\/plugins\/seo\/ -->\n<title>Mikl\u00f3s Erhardt: \u201c...that I won\u2019t become who I wanted to be\u201d &#8211; Modemart<\/title>\n<meta name=\"robots\" content=\"noindex, follow\" \/>\n<meta property=\"og:locale\" content=\"en_US\" \/>\n<meta property=\"og:type\" content=\"article\" \/>\n<meta property=\"og:title\" content=\"Mikl\u00f3s Erhardt: \u201c...that I won\u2019t become who I wanted to be\u201d &#8211; Modemart\" \/>\n<meta property=\"og:description\" content=\"2018video, 10\u201913\u201d Mikl\u00f3s Erhardt\u2019s \u201c&#8230;that I won\u2019t become who I wanted to be\u201d is a re-enacted monologue from Istv\u00e1n D\u00e1rday\u2019s 42-minute-long, 1975 documentary The Raggedy Princess,[1] in which we hear a young anonymous Roma worker candidly speak about his life. Erhardt ironically claims that the genre of the film is \u201ccomplaining\u201d\u2014as to how one fails&hellip;\" \/>\n<meta property=\"og:url\" content=\"https:\/\/modemart.hu\/en\/blogposts\/erhardt-miklos-hogy-mar-nem-leszek-az-aki-szerettem-volna-lenni\/\" \/>\n<meta property=\"og:site_name\" content=\"Modemart\" \/>\n<meta property=\"article:publisher\" content=\"https:\/\/hu-hu.facebook.com\/modemdebrecen\/\" \/>\n<meta property=\"article:modified_time\" content=\"2023-10-12T10:22:48+00:00\" \/>\n<meta name=\"twitter:card\" content=\"summary_large_image\" \/>\n<meta name=\"twitter:label1\" content=\"Est. reading time\" \/>\n\t<meta name=\"twitter:data1\" content=\"2 minutes\" \/>\n<script type=\"application\/ld+json\" class=\"yoast-schema-graph\">{\"@context\":\"https:\/\/schema.org\",\"@graph\":[{\"@type\":\"WebPage\",\"@id\":\"https:\/\/modemart.hu\/en\/blogposts\/erhardt-miklos-hogy-mar-nem-leszek-az-aki-szerettem-volna-lenni\/\",\"url\":\"https:\/\/modemart.hu\/en\/blogposts\/erhardt-miklos-hogy-mar-nem-leszek-az-aki-szerettem-volna-lenni\/\",\"name\":\"Mikl\u00f3s Erhardt: \u201c...that I won\u2019t become who I wanted to be\u201d &#8211; Modemart\",\"isPartOf\":{\"@id\":\"https:\/\/modemart.hu\/#website\"},\"datePublished\":\"2023-10-12T10:21:13+00:00\",\"dateModified\":\"2023-10-12T10:22:48+00:00\",\"breadcrumb\":{\"@id\":\"https:\/\/modemart.hu\/en\/blogposts\/erhardt-miklos-hogy-mar-nem-leszek-az-aki-szerettem-volna-lenni\/#breadcrumb\"},\"inLanguage\":\"en-US\",\"potentialAction\":[{\"@type\":\"ReadAction\",\"target\":[\"https:\/\/modemart.hu\/en\/blogposts\/erhardt-miklos-hogy-mar-nem-leszek-az-aki-szerettem-volna-lenni\/\"]}]},{\"@type\":\"BreadcrumbList\",\"@id\":\"https:\/\/modemart.hu\/en\/blogposts\/erhardt-miklos-hogy-mar-nem-leszek-az-aki-szerettem-volna-lenni\/#breadcrumb\",\"itemListElement\":[{\"@type\":\"ListItem\",\"position\":1,\"name\":\"Home\",\"item\":\"https:\/\/modemart.hu\/\"},{\"@type\":\"ListItem\",\"position\":2,\"name\":\"Blog bejegyz\u00e9sek\",\"item\":\"https:\/\/modemart.hu\/blogposts\/\"},{\"@type\":\"ListItem\",\"position\":3,\"name\":\"Mikl\u00f3s Erhardt: \u201c&#8230;that I won\u2019t become who I wanted to be\u201d\"}]},{\"@type\":\"WebSite\",\"@id\":\"https:\/\/modemart.hu\/#website\",\"url\":\"https:\/\/modemart.hu\/\",\"name\":\"Modemart\",\"description\":\"Center for Modern and Contemporary Art\",\"publisher\":{\"@id\":\"https:\/\/modemart.hu\/#organization\"},\"potentialAction\":[{\"@type\":\"SearchAction\",\"target\":{\"@type\":\"EntryPoint\",\"urlTemplate\":\"https:\/\/modemart.hu\/?s={search_term_string}\"},\"query-input\":{\"@type\":\"PropertyValueSpecification\",\"valueRequired\":true,\"valueName\":\"search_term_string\"}}],\"inLanguage\":\"en-US\"},{\"@type\":\"Organization\",\"@id\":\"https:\/\/modemart.hu\/#organization\",\"name\":\"Modemart\",\"url\":\"https:\/\/modemart.hu\/\",\"logo\":{\"@type\":\"ImageObject\",\"inLanguage\":\"en-US\",\"@id\":\"https:\/\/modemart.hu\/#\/schema\/logo\/image\/\",\"url\":\"https:\/\/modemart.hu\/wp-content\/uploads\/2022\/07\/modemlogo.png\",\"contentUrl\":\"https:\/\/modemart.hu\/wp-content\/uploads\/2022\/07\/modemlogo.png\",\"width\":260,\"height\":136,\"caption\":\"Modemart\"},\"image\":{\"@id\":\"https:\/\/modemart.hu\/#\/schema\/logo\/image\/\"},\"sameAs\":[\"https:\/\/hu-hu.facebook.com\/modemdebrecen\/\"]}]}<\/script>\n<!-- \/ Yoast SEO plugin. -->","yoast_head_json":{"title":"Mikl\u00f3s Erhardt: \u201c...that I won\u2019t become who I wanted to be\u201d &#8211; Modemart","robots":{"index":"noindex","follow":"follow"},"og_locale":"en_US","og_type":"article","og_title":"Mikl\u00f3s Erhardt: \u201c...that I won\u2019t become who I wanted to be\u201d &#8211; Modemart","og_description":"2018video, 10\u201913\u201d Mikl\u00f3s Erhardt\u2019s \u201c&#8230;that I won\u2019t become who I wanted to be\u201d is a re-enacted monologue from Istv\u00e1n D\u00e1rday\u2019s 42-minute-long, 1975 documentary The Raggedy Princess,[1] in which we hear a young anonymous Roma worker candidly speak about his life. Erhardt ironically claims that the genre of the film is \u201ccomplaining\u201d\u2014as to how one fails&hellip;","og_url":"https:\/\/modemart.hu\/en\/blogposts\/erhardt-miklos-hogy-mar-nem-leszek-az-aki-szerettem-volna-lenni\/","og_site_name":"Modemart","article_publisher":"https:\/\/hu-hu.facebook.com\/modemdebrecen\/","article_modified_time":"2023-10-12T10:22:48+00:00","twitter_card":"summary_large_image","twitter_misc":{"Est. reading time":"2 minutes"},"schema":{"@context":"https:\/\/schema.org","@graph":[{"@type":"WebPage","@id":"https:\/\/modemart.hu\/en\/blogposts\/erhardt-miklos-hogy-mar-nem-leszek-az-aki-szerettem-volna-lenni\/","url":"https:\/\/modemart.hu\/en\/blogposts\/erhardt-miklos-hogy-mar-nem-leszek-az-aki-szerettem-volna-lenni\/","name":"Mikl\u00f3s Erhardt: \u201c...that I won\u2019t become who I wanted to be\u201d &#8211; Modemart","isPartOf":{"@id":"https:\/\/modemart.hu\/#website"},"datePublished":"2023-10-12T10:21:13+00:00","dateModified":"2023-10-12T10:22:48+00:00","breadcrumb":{"@id":"https:\/\/modemart.hu\/en\/blogposts\/erhardt-miklos-hogy-mar-nem-leszek-az-aki-szerettem-volna-lenni\/#breadcrumb"},"inLanguage":"en-US","potentialAction":[{"@type":"ReadAction","target":["https:\/\/modemart.hu\/en\/blogposts\/erhardt-miklos-hogy-mar-nem-leszek-az-aki-szerettem-volna-lenni\/"]}]},{"@type":"BreadcrumbList","@id":"https:\/\/modemart.hu\/en\/blogposts\/erhardt-miklos-hogy-mar-nem-leszek-az-aki-szerettem-volna-lenni\/#breadcrumb","itemListElement":[{"@type":"ListItem","position":1,"name":"Home","item":"https:\/\/modemart.hu\/"},{"@type":"ListItem","position":2,"name":"Blog bejegyz\u00e9sek","item":"https:\/\/modemart.hu\/blogposts\/"},{"@type":"ListItem","position":3,"name":"Mikl\u00f3s Erhardt: \u201c&#8230;that I won\u2019t become who I wanted to be\u201d"}]},{"@type":"WebSite","@id":"https:\/\/modemart.hu\/#website","url":"https:\/\/modemart.hu\/","name":"Modemart","description":"Center for Modern and Contemporary Art","publisher":{"@id":"https:\/\/modemart.hu\/#organization"},"potentialAction":[{"@type":"SearchAction","target":{"@type":"EntryPoint","urlTemplate":"https:\/\/modemart.hu\/?s={search_term_string}"},"query-input":{"@type":"PropertyValueSpecification","valueRequired":true,"valueName":"search_term_string"}}],"inLanguage":"en-US"},{"@type":"Organization","@id":"https:\/\/modemart.hu\/#organization","name":"Modemart","url":"https:\/\/modemart.hu\/","logo":{"@type":"ImageObject","inLanguage":"en-US","@id":"https:\/\/modemart.hu\/#\/schema\/logo\/image\/","url":"https:\/\/modemart.hu\/wp-content\/uploads\/2022\/07\/modemlogo.png","contentUrl":"https:\/\/modemart.hu\/wp-content\/uploads\/2022\/07\/modemlogo.png","width":260,"height":136,"caption":"Modemart"},"image":{"@id":"https:\/\/modemart.hu\/#\/schema\/logo\/image\/"},"sameAs":["https:\/\/hu-hu.facebook.com\/modemdebrecen\/"]}]}},"_links":{"self":[{"href":"https:\/\/modemart.hu\/en\/wp-json\/wp\/v2\/blogposts\/27640","targetHints":{"allow":["GET"]}}],"collection":[{"href":"https:\/\/modemart.hu\/en\/wp-json\/wp\/v2\/blogposts"}],"about":[{"href":"https:\/\/modemart.hu\/en\/wp-json\/wp\/v2\/types\/blogposts"}],"wp:attachment":[{"href":"https:\/\/modemart.hu\/en\/wp-json\/wp\/v2\/media?parent=27640"}],"curies":[{"name":"wp","href":"https:\/\/api.w.org\/{rel}","templated":true}]}}