

{"id":27656,"date":"2023-10-12T12:56:18","date_gmt":"2023-10-12T10:56:18","guid":{"rendered":"https:\/\/modemart.hu\/blogposts\/katharina-roters-szolnoki-jozsef-anamnezis\/"},"modified":"2023-10-12T13:31:59","modified_gmt":"2023-10-12T11:31:59","slug":"katharina-roters-szolnoki-jozsef-anamnezis","status":"publish","type":"blogposts","link":"https:\/\/modemart.hu\/en\/blogposts\/katharina-roters-szolnoki-jozsef-anamnezis\/","title":{"rendered":"Katharina Roters \u2013 J\u00f3zsef Szolnoki: Anamnesis"},"content":{"rendered":"<p>2016<br>video, 6\u201949\u201d<br>mounted photo, 90 \u00d7 160 cm<\/p><p>The 2016 work <em>Anamnesis<\/em> by Katharina Roters and J\u00f3zsef Szolnoki reflects on the pathos of a 1956 relief<a href=\"#_ftn1\" id=\"_ftnref1\"><sup>[1]<\/sup><\/a> through a drama pedagogy project, one of the main elements of which is the re-enactment, reconstruction in the form of a live image on the theme of a relief about 10 metres long, the communist topos of the worker\u2013peasant\u2013intellectual alliance with secondary school students from Salg\u00f3tarj\u00e1n. The Salg\u00f3tarj\u00e1n relief \u2014based on the figures and motifs on it\u2014depicts an excessively pathetic utopia, some elements of which refer back to the Stalinist Cultural Revolution and Vera Muhina, while other parts to the French Revolution and the art of Eugene Delacroix (<em>Liberty Leading the People<\/em>, 1830). The re-enactment of the 1956 socialist scene is further enhanced by the memory of the Salg\u00f3tarj\u00e1n massacre. According to testimonies about the newly unveiled relief, in December 1956 more than a hundred peaceful demonstrators were shot by unidentified gunmen from the windows of the headquarters of the party seemingly committed to peaceful utopias. This tragic event, considered by many to be the greatest massacre of the K\u00e1d\u00e1r era, remained a taboo topic until 1989. After the Regime Change in Hungary, it was the revolutionaries of 1956 and the members of POFOSZ (National Association of Hungarian Political Prisoners) who reintroduced it into the official politics of commemoration. In contrast to the personal dimensions, the dramatization of the collective memory of Salg\u00f3tarj\u00e1n, the revival and \u201cre-enactment\u201d of the socialist utopia resulted in changing situations: on the one hand, signs of humour and comedy appeared, because secondary school students could neither recall the R\u00e1kosi coat of arms, nor the Bolshevik language of Stalinism, on the other hand, in the epilogue of the work, Roters and Szolnoki learned about the micro story of a local POFOSZ leader that after the Regime Change, people who, based on their previous and later positions, were certainly not on the side of the revolution, could also receive honorary pensions. Thus, official documents and narratives were conflicted with images of personal memory and private life, drawing attention to the importance of a close analysis of discourse and memory.<a href=\"#_ftn2\" id=\"_ftnref2\"><sup>[2]<\/sup><\/a><\/p><hr class=\"wp-block-separator has-alpha-channel-opacity\"\/><p><a href=\"#_ftnref1\" id=\"_ftn1\"><sup>[1]<\/sup><\/a>&nbsp;&nbsp;&nbsp; The relief was inaugurated on 16 October 1956.<\/p><p><a href=\"#_ftnref2\" id=\"_ftn2\"><sup>[2]<\/sup><\/a>&nbsp;&nbsp;&nbsp; Hornyik, S\u00e1ndor: <em>A kultur\u00e1lis forradalomt\u00f3l a m\u00faltfeldolgoz\u00e1sig<\/em><\/p><p>&nbsp;&nbsp;&nbsp;&nbsp; http:\/\/tranzitblog.hu\/a-kulturalis-forradalomtol-a-multfeldolgozasig\/<\/p>","protected":false},"featured_media":0,"template":"","class_list":["post-27656","blogposts","type-blogposts","status-publish","hentry","col-md-4 col-sm-6"],"acf":[],"yoast_head":"<!-- This site is optimized with the Yoast SEO plugin v24.4 - https:\/\/yoast.com\/wordpress\/plugins\/seo\/ -->\n<title>Katharina Roters \u2013 J\u00f3zsef Szolnoki: Anamnesis &#8211; Modemart<\/title>\n<meta name=\"robots\" content=\"noindex, follow\" \/>\n<meta property=\"og:locale\" content=\"en_US\" \/>\n<meta property=\"og:type\" content=\"article\" \/>\n<meta property=\"og:title\" content=\"Katharina Roters \u2013 J\u00f3zsef Szolnoki: Anamnesis &#8211; Modemart\" \/>\n<meta property=\"og:description\" content=\"2016video, 6\u201949\u201dmounted photo, 90 \u00d7 160 cm The 2016 work Anamnesis by Katharina Roters and J\u00f3zsef Szolnoki reflects on the pathos of a 1956 relief[1] through a drama pedagogy project, one of the main elements of which is the re-enactment, reconstruction in the form of a live image on the theme of a relief about&hellip;\" \/>\n<meta property=\"og:url\" content=\"https:\/\/modemart.hu\/en\/blogposts\/katharina-roters-szolnoki-jozsef-anamnezis\/\" \/>\n<meta property=\"og:site_name\" content=\"Modemart\" \/>\n<meta property=\"article:publisher\" content=\"https:\/\/hu-hu.facebook.com\/modemdebrecen\/\" \/>\n<meta property=\"article:modified_time\" content=\"2023-10-12T11:31:59+00:00\" \/>\n<meta name=\"twitter:card\" content=\"summary_large_image\" \/>\n<meta name=\"twitter:label1\" content=\"Est. reading time\" \/>\n\t<meta name=\"twitter:data1\" content=\"2 minutes\" \/>\n<script type=\"application\/ld+json\" class=\"yoast-schema-graph\">{\"@context\":\"https:\/\/schema.org\",\"@graph\":[{\"@type\":\"WebPage\",\"@id\":\"https:\/\/modemart.hu\/en\/blogposts\/katharina-roters-szolnoki-jozsef-anamnezis\/\",\"url\":\"https:\/\/modemart.hu\/en\/blogposts\/katharina-roters-szolnoki-jozsef-anamnezis\/\",\"name\":\"Katharina Roters \u2013 J\u00f3zsef Szolnoki: Anamnesis &#8211; Modemart\",\"isPartOf\":{\"@id\":\"https:\/\/modemart.hu\/#website\"},\"datePublished\":\"2023-10-12T10:56:18+00:00\",\"dateModified\":\"2023-10-12T11:31:59+00:00\",\"breadcrumb\":{\"@id\":\"https:\/\/modemart.hu\/en\/blogposts\/katharina-roters-szolnoki-jozsef-anamnezis\/#breadcrumb\"},\"inLanguage\":\"en-US\",\"potentialAction\":[{\"@type\":\"ReadAction\",\"target\":[\"https:\/\/modemart.hu\/en\/blogposts\/katharina-roters-szolnoki-jozsef-anamnezis\/\"]}]},{\"@type\":\"BreadcrumbList\",\"@id\":\"https:\/\/modemart.hu\/en\/blogposts\/katharina-roters-szolnoki-jozsef-anamnezis\/#breadcrumb\",\"itemListElement\":[{\"@type\":\"ListItem\",\"position\":1,\"name\":\"Home\",\"item\":\"https:\/\/modemart.hu\/\"},{\"@type\":\"ListItem\",\"position\":2,\"name\":\"Blog bejegyz\u00e9sek\",\"item\":\"https:\/\/modemart.hu\/blogposts\/\"},{\"@type\":\"ListItem\",\"position\":3,\"name\":\"Katharina Roters \u2013 J\u00f3zsef Szolnoki: Anamnesis\"}]},{\"@type\":\"WebSite\",\"@id\":\"https:\/\/modemart.hu\/#website\",\"url\":\"https:\/\/modemart.hu\/\",\"name\":\"Modemart\",\"description\":\"Center for Modern and Contemporary Art\",\"publisher\":{\"@id\":\"https:\/\/modemart.hu\/#organization\"},\"potentialAction\":[{\"@type\":\"SearchAction\",\"target\":{\"@type\":\"EntryPoint\",\"urlTemplate\":\"https:\/\/modemart.hu\/?s={search_term_string}\"},\"query-input\":{\"@type\":\"PropertyValueSpecification\",\"valueRequired\":true,\"valueName\":\"search_term_string\"}}],\"inLanguage\":\"en-US\"},{\"@type\":\"Organization\",\"@id\":\"https:\/\/modemart.hu\/#organization\",\"name\":\"Modemart\",\"url\":\"https:\/\/modemart.hu\/\",\"logo\":{\"@type\":\"ImageObject\",\"inLanguage\":\"en-US\",\"@id\":\"https:\/\/modemart.hu\/#\/schema\/logo\/image\/\",\"url\":\"https:\/\/modemart.hu\/wp-content\/uploads\/2022\/07\/modemlogo.png\",\"contentUrl\":\"https:\/\/modemart.hu\/wp-content\/uploads\/2022\/07\/modemlogo.png\",\"width\":260,\"height\":136,\"caption\":\"Modemart\"},\"image\":{\"@id\":\"https:\/\/modemart.hu\/#\/schema\/logo\/image\/\"},\"sameAs\":[\"https:\/\/hu-hu.facebook.com\/modemdebrecen\/\"]}]}<\/script>\n<!-- \/ Yoast SEO plugin. -->","yoast_head_json":{"title":"Katharina Roters \u2013 J\u00f3zsef Szolnoki: Anamnesis &#8211; Modemart","robots":{"index":"noindex","follow":"follow"},"og_locale":"en_US","og_type":"article","og_title":"Katharina Roters \u2013 J\u00f3zsef Szolnoki: Anamnesis &#8211; Modemart","og_description":"2016video, 6\u201949\u201dmounted photo, 90 \u00d7 160 cm The 2016 work Anamnesis by Katharina Roters and J\u00f3zsef Szolnoki reflects on the pathos of a 1956 relief[1] through a drama pedagogy project, one of the main elements of which is the re-enactment, reconstruction in the form of a live image on the theme of a relief about&hellip;","og_url":"https:\/\/modemart.hu\/en\/blogposts\/katharina-roters-szolnoki-jozsef-anamnezis\/","og_site_name":"Modemart","article_publisher":"https:\/\/hu-hu.facebook.com\/modemdebrecen\/","article_modified_time":"2023-10-12T11:31:59+00:00","twitter_card":"summary_large_image","twitter_misc":{"Est. reading time":"2 minutes"},"schema":{"@context":"https:\/\/schema.org","@graph":[{"@type":"WebPage","@id":"https:\/\/modemart.hu\/en\/blogposts\/katharina-roters-szolnoki-jozsef-anamnezis\/","url":"https:\/\/modemart.hu\/en\/blogposts\/katharina-roters-szolnoki-jozsef-anamnezis\/","name":"Katharina Roters \u2013 J\u00f3zsef Szolnoki: Anamnesis &#8211; Modemart","isPartOf":{"@id":"https:\/\/modemart.hu\/#website"},"datePublished":"2023-10-12T10:56:18+00:00","dateModified":"2023-10-12T11:31:59+00:00","breadcrumb":{"@id":"https:\/\/modemart.hu\/en\/blogposts\/katharina-roters-szolnoki-jozsef-anamnezis\/#breadcrumb"},"inLanguage":"en-US","potentialAction":[{"@type":"ReadAction","target":["https:\/\/modemart.hu\/en\/blogposts\/katharina-roters-szolnoki-jozsef-anamnezis\/"]}]},{"@type":"BreadcrumbList","@id":"https:\/\/modemart.hu\/en\/blogposts\/katharina-roters-szolnoki-jozsef-anamnezis\/#breadcrumb","itemListElement":[{"@type":"ListItem","position":1,"name":"Home","item":"https:\/\/modemart.hu\/"},{"@type":"ListItem","position":2,"name":"Blog bejegyz\u00e9sek","item":"https:\/\/modemart.hu\/blogposts\/"},{"@type":"ListItem","position":3,"name":"Katharina Roters \u2013 J\u00f3zsef Szolnoki: Anamnesis"}]},{"@type":"WebSite","@id":"https:\/\/modemart.hu\/#website","url":"https:\/\/modemart.hu\/","name":"Modemart","description":"Center for Modern and Contemporary Art","publisher":{"@id":"https:\/\/modemart.hu\/#organization"},"potentialAction":[{"@type":"SearchAction","target":{"@type":"EntryPoint","urlTemplate":"https:\/\/modemart.hu\/?s={search_term_string}"},"query-input":{"@type":"PropertyValueSpecification","valueRequired":true,"valueName":"search_term_string"}}],"inLanguage":"en-US"},{"@type":"Organization","@id":"https:\/\/modemart.hu\/#organization","name":"Modemart","url":"https:\/\/modemart.hu\/","logo":{"@type":"ImageObject","inLanguage":"en-US","@id":"https:\/\/modemart.hu\/#\/schema\/logo\/image\/","url":"https:\/\/modemart.hu\/wp-content\/uploads\/2022\/07\/modemlogo.png","contentUrl":"https:\/\/modemart.hu\/wp-content\/uploads\/2022\/07\/modemlogo.png","width":260,"height":136,"caption":"Modemart"},"image":{"@id":"https:\/\/modemart.hu\/#\/schema\/logo\/image\/"},"sameAs":["https:\/\/hu-hu.facebook.com\/modemdebrecen\/"]}]}},"_links":{"self":[{"href":"https:\/\/modemart.hu\/en\/wp-json\/wp\/v2\/blogposts\/27656","targetHints":{"allow":["GET"]}}],"collection":[{"href":"https:\/\/modemart.hu\/en\/wp-json\/wp\/v2\/blogposts"}],"about":[{"href":"https:\/\/modemart.hu\/en\/wp-json\/wp\/v2\/types\/blogposts"}],"wp:attachment":[{"href":"https:\/\/modemart.hu\/en\/wp-json\/wp\/v2\/media?parent=27656"}],"curies":[{"name":"wp","href":"https:\/\/api.w.org\/{rel}","templated":true}]}}