

{"id":27667,"date":"2023-10-12T13:49:27","date_gmt":"2023-10-12T11:49:27","guid":{"rendered":"https:\/\/modemart.hu\/blogposts\/hofgart-karoly-gyasztanc-apaim-emlekere\/"},"modified":"2023-10-12T13:50:55","modified_gmt":"2023-10-12T11:50:55","slug":"hofgart-karoly-gyasztanc-apaim-emlekere","status":"publish","type":"blogposts","link":"https:\/\/modemart.hu\/en\/blogposts\/hofgart-karoly-gyasztanc-apaim-emlekere\/","title":{"rendered":"K\u00e1roly Hofg\u00e1rt: Mourning Dance \u2013 In memory of my fathers"},"content":{"rendered":"<p>2021, photo series, dimensions variable<\/p><p>\u201cMy great-great-grandfather\u2019s, great-grandfather\u2019s,<br>grandfather\u2019s and father\u2019s name was K\u00e1roly Hofg\u00e1rt.<br>my great-great-grandfather, K\u00e1roly Hofg\u00e1rt (1868\u20131942)<br>my great-grandfather, K\u00e1roly Hofg\u00e1rt (1898\u20131957)<br>my grandfather, K\u00e1roly Hofg\u00e1rt (1936\u20131990)<br>my father, K\u00e1roly Hofg\u00e1rt (1959\u20132019)<br>All of them died of cardiac problems. I have sought<br>to playfully and ironically alienate and distance myself from<br>the deaths of my ancestors. But I don\u2019t know yet if it will work.\u201d <strong>KH<\/strong><\/p><p>The series <em>Mourning Dance <\/em>\u2013 <em>In memory of my fathers<\/em> by K\u00e1roly Hofg\u00e1rt was made as a thesis in 2021. Based on the grief theory by Elisabeth K\u00fcbler-Ross this touchingly personal artwork was created in the hope of acceptance, release, trauma processing and grieving. The artist attempted to do this by using the tools of participatory photography, consciously confronting the ephemerality and fragility of his ancestors and himself.<\/p><p>The structure of the photo series is organised along the five stages of grief (denial, anger, bargaining, depression and acceptance) in which an external perspective is developed. Hofg\u00e1rt re-enacted the funeral situation, which allowed him to live the experience as a prepared, active participant dragged into the present. The re-enactment helped him to work through his feelings that are less verbal and his experiences of the traumatic memory. In psychoanalytic literature, this process is called elaboration. During the creative process, he experienced first-hand how the tool of photography can be used for therapeutic purposes of stress release, spiritual healing and post-traumatic growth.<\/p>","protected":false},"featured_media":0,"template":"","class_list":["post-27667","blogposts","type-blogposts","status-publish","hentry","col-md-4 col-sm-6"],"acf":[],"yoast_head":"<!-- This site is optimized with the Yoast SEO plugin v24.4 - https:\/\/yoast.com\/wordpress\/plugins\/seo\/ -->\n<title>K\u00e1roly Hofg\u00e1rt: Mourning Dance \u2013 In memory of my fathers &#8211; Modemart<\/title>\n<meta name=\"robots\" content=\"noindex, follow\" \/>\n<meta property=\"og:locale\" content=\"en_US\" \/>\n<meta property=\"og:type\" content=\"article\" \/>\n<meta property=\"og:title\" content=\"K\u00e1roly Hofg\u00e1rt: Mourning Dance \u2013 In memory of my fathers &#8211; Modemart\" \/>\n<meta property=\"og:description\" content=\"2021, photo series, dimensions variable \u201cMy great-great-grandfather\u2019s, great-grandfather\u2019s,grandfather\u2019s and father\u2019s name was K\u00e1roly Hofg\u00e1rt.my great-great-grandfather, K\u00e1roly Hofg\u00e1rt (1868\u20131942)my great-grandfather, K\u00e1roly Hofg\u00e1rt (1898\u20131957)my grandfather, K\u00e1roly Hofg\u00e1rt (1936\u20131990)my father, K\u00e1roly Hofg\u00e1rt (1959\u20132019)All of them died of cardiac problems. I have soughtto playfully and ironically alienate and distance myself fromthe deaths of my ancestors. But I don\u2019t know&hellip;\" \/>\n<meta property=\"og:url\" content=\"https:\/\/modemart.hu\/en\/blogposts\/hofgart-karoly-gyasztanc-apaim-emlekere\/\" \/>\n<meta property=\"og:site_name\" content=\"Modemart\" \/>\n<meta property=\"article:publisher\" content=\"https:\/\/hu-hu.facebook.com\/modemdebrecen\/\" \/>\n<meta property=\"article:modified_time\" content=\"2023-10-12T11:50:55+00:00\" \/>\n<meta name=\"twitter:card\" content=\"summary_large_image\" \/>\n<meta name=\"twitter:label1\" content=\"Est. reading time\" \/>\n\t<meta name=\"twitter:data1\" content=\"1 minute\" \/>\n<script type=\"application\/ld+json\" class=\"yoast-schema-graph\">{\"@context\":\"https:\/\/schema.org\",\"@graph\":[{\"@type\":\"WebPage\",\"@id\":\"https:\/\/modemart.hu\/en\/blogposts\/hofgart-karoly-gyasztanc-apaim-emlekere\/\",\"url\":\"https:\/\/modemart.hu\/en\/blogposts\/hofgart-karoly-gyasztanc-apaim-emlekere\/\",\"name\":\"K\u00e1roly Hofg\u00e1rt: Mourning Dance \u2013 In memory of my fathers &#8211; Modemart\",\"isPartOf\":{\"@id\":\"https:\/\/modemart.hu\/#website\"},\"datePublished\":\"2023-10-12T11:49:27+00:00\",\"dateModified\":\"2023-10-12T11:50:55+00:00\",\"breadcrumb\":{\"@id\":\"https:\/\/modemart.hu\/en\/blogposts\/hofgart-karoly-gyasztanc-apaim-emlekere\/#breadcrumb\"},\"inLanguage\":\"en-US\",\"potentialAction\":[{\"@type\":\"ReadAction\",\"target\":[\"https:\/\/modemart.hu\/en\/blogposts\/hofgart-karoly-gyasztanc-apaim-emlekere\/\"]}]},{\"@type\":\"BreadcrumbList\",\"@id\":\"https:\/\/modemart.hu\/en\/blogposts\/hofgart-karoly-gyasztanc-apaim-emlekere\/#breadcrumb\",\"itemListElement\":[{\"@type\":\"ListItem\",\"position\":1,\"name\":\"Home\",\"item\":\"https:\/\/modemart.hu\/\"},{\"@type\":\"ListItem\",\"position\":2,\"name\":\"Blog bejegyz\u00e9sek\",\"item\":\"https:\/\/modemart.hu\/blogposts\/\"},{\"@type\":\"ListItem\",\"position\":3,\"name\":\"K\u00e1roly Hofg\u00e1rt: Mourning Dance \u2013 In memory of my fathers\"}]},{\"@type\":\"WebSite\",\"@id\":\"https:\/\/modemart.hu\/#website\",\"url\":\"https:\/\/modemart.hu\/\",\"name\":\"Modemart\",\"description\":\"Center for Modern and Contemporary Art\",\"publisher\":{\"@id\":\"https:\/\/modemart.hu\/#organization\"},\"potentialAction\":[{\"@type\":\"SearchAction\",\"target\":{\"@type\":\"EntryPoint\",\"urlTemplate\":\"https:\/\/modemart.hu\/?s={search_term_string}\"},\"query-input\":{\"@type\":\"PropertyValueSpecification\",\"valueRequired\":true,\"valueName\":\"search_term_string\"}}],\"inLanguage\":\"en-US\"},{\"@type\":\"Organization\",\"@id\":\"https:\/\/modemart.hu\/#organization\",\"name\":\"Modemart\",\"url\":\"https:\/\/modemart.hu\/\",\"logo\":{\"@type\":\"ImageObject\",\"inLanguage\":\"en-US\",\"@id\":\"https:\/\/modemart.hu\/#\/schema\/logo\/image\/\",\"url\":\"https:\/\/modemart.hu\/wp-content\/uploads\/2022\/07\/modemlogo.png\",\"contentUrl\":\"https:\/\/modemart.hu\/wp-content\/uploads\/2022\/07\/modemlogo.png\",\"width\":260,\"height\":136,\"caption\":\"Modemart\"},\"image\":{\"@id\":\"https:\/\/modemart.hu\/#\/schema\/logo\/image\/\"},\"sameAs\":[\"https:\/\/hu-hu.facebook.com\/modemdebrecen\/\"]}]}<\/script>\n<!-- \/ Yoast SEO plugin. -->","yoast_head_json":{"title":"K\u00e1roly Hofg\u00e1rt: Mourning Dance \u2013 In memory of my fathers &#8211; Modemart","robots":{"index":"noindex","follow":"follow"},"og_locale":"en_US","og_type":"article","og_title":"K\u00e1roly Hofg\u00e1rt: Mourning Dance \u2013 In memory of my fathers &#8211; Modemart","og_description":"2021, photo series, dimensions variable \u201cMy great-great-grandfather\u2019s, great-grandfather\u2019s,grandfather\u2019s and father\u2019s name was K\u00e1roly Hofg\u00e1rt.my great-great-grandfather, K\u00e1roly Hofg\u00e1rt (1868\u20131942)my great-grandfather, K\u00e1roly Hofg\u00e1rt (1898\u20131957)my grandfather, K\u00e1roly Hofg\u00e1rt (1936\u20131990)my father, K\u00e1roly Hofg\u00e1rt (1959\u20132019)All of them died of cardiac problems. I have soughtto playfully and ironically alienate and distance myself fromthe deaths of my ancestors. But I don\u2019t know&hellip;","og_url":"https:\/\/modemart.hu\/en\/blogposts\/hofgart-karoly-gyasztanc-apaim-emlekere\/","og_site_name":"Modemart","article_publisher":"https:\/\/hu-hu.facebook.com\/modemdebrecen\/","article_modified_time":"2023-10-12T11:50:55+00:00","twitter_card":"summary_large_image","twitter_misc":{"Est. reading time":"1 minute"},"schema":{"@context":"https:\/\/schema.org","@graph":[{"@type":"WebPage","@id":"https:\/\/modemart.hu\/en\/blogposts\/hofgart-karoly-gyasztanc-apaim-emlekere\/","url":"https:\/\/modemart.hu\/en\/blogposts\/hofgart-karoly-gyasztanc-apaim-emlekere\/","name":"K\u00e1roly Hofg\u00e1rt: Mourning Dance \u2013 In memory of my fathers &#8211; Modemart","isPartOf":{"@id":"https:\/\/modemart.hu\/#website"},"datePublished":"2023-10-12T11:49:27+00:00","dateModified":"2023-10-12T11:50:55+00:00","breadcrumb":{"@id":"https:\/\/modemart.hu\/en\/blogposts\/hofgart-karoly-gyasztanc-apaim-emlekere\/#breadcrumb"},"inLanguage":"en-US","potentialAction":[{"@type":"ReadAction","target":["https:\/\/modemart.hu\/en\/blogposts\/hofgart-karoly-gyasztanc-apaim-emlekere\/"]}]},{"@type":"BreadcrumbList","@id":"https:\/\/modemart.hu\/en\/blogposts\/hofgart-karoly-gyasztanc-apaim-emlekere\/#breadcrumb","itemListElement":[{"@type":"ListItem","position":1,"name":"Home","item":"https:\/\/modemart.hu\/"},{"@type":"ListItem","position":2,"name":"Blog bejegyz\u00e9sek","item":"https:\/\/modemart.hu\/blogposts\/"},{"@type":"ListItem","position":3,"name":"K\u00e1roly Hofg\u00e1rt: Mourning Dance \u2013 In memory of my fathers"}]},{"@type":"WebSite","@id":"https:\/\/modemart.hu\/#website","url":"https:\/\/modemart.hu\/","name":"Modemart","description":"Center for Modern and Contemporary Art","publisher":{"@id":"https:\/\/modemart.hu\/#organization"},"potentialAction":[{"@type":"SearchAction","target":{"@type":"EntryPoint","urlTemplate":"https:\/\/modemart.hu\/?s={search_term_string}"},"query-input":{"@type":"PropertyValueSpecification","valueRequired":true,"valueName":"search_term_string"}}],"inLanguage":"en-US"},{"@type":"Organization","@id":"https:\/\/modemart.hu\/#organization","name":"Modemart","url":"https:\/\/modemart.hu\/","logo":{"@type":"ImageObject","inLanguage":"en-US","@id":"https:\/\/modemart.hu\/#\/schema\/logo\/image\/","url":"https:\/\/modemart.hu\/wp-content\/uploads\/2022\/07\/modemlogo.png","contentUrl":"https:\/\/modemart.hu\/wp-content\/uploads\/2022\/07\/modemlogo.png","width":260,"height":136,"caption":"Modemart"},"image":{"@id":"https:\/\/modemart.hu\/#\/schema\/logo\/image\/"},"sameAs":["https:\/\/hu-hu.facebook.com\/modemdebrecen\/"]}]}},"_links":{"self":[{"href":"https:\/\/modemart.hu\/en\/wp-json\/wp\/v2\/blogposts\/27667","targetHints":{"allow":["GET"]}}],"collection":[{"href":"https:\/\/modemart.hu\/en\/wp-json\/wp\/v2\/blogposts"}],"about":[{"href":"https:\/\/modemart.hu\/en\/wp-json\/wp\/v2\/types\/blogposts"}],"wp:attachment":[{"href":"https:\/\/modemart.hu\/en\/wp-json\/wp\/v2\/media?parent=27667"}],"curies":[{"name":"wp","href":"https:\/\/api.w.org\/{rel}","templated":true}]}}