

{"id":27675,"date":"2023-10-12T15:21:16","date_gmt":"2023-10-12T13:21:16","guid":{"rendered":"https:\/\/modemart.hu\/blogposts\/rere\/"},"modified":"2023-10-12T15:21:34","modified_gmt":"2023-10-12T13:21:34","slug":"rere","status":"publish","type":"blogposts","link":"https:\/\/modemart.hu\/en\/blogposts\/rere\/","title":{"rendered":"Re:Re"},"content":{"rendered":"<p><strong>KI\u00c1LL\u00cdT\u00c1S | EXHIBITION<\/strong><\/p><p>2023. \u00e1prilis 22. \u2013 szeptember 17. | 22 April\u201317 September 2023.<\/p><p><strong>Ki\u00e1ll\u00edt\u00f3 m\u0171v\u00e9szek | Exhibiting Artists:<\/strong><\/p><p>Lola Arias (AR), B\u00f6g\u00f6s Lor\u00e1nd, Erhardt Mikl\u00f3s, Irina Botea Bucan (RO), Jeremy Deller (UK), Esterh\u00e1zy<\/p><p>P\u00e9ter, Hofg\u00e1rt K\u00e1roly, Ingela Johansson (SE), Takahiro Iwasaki (JP), Zbigniew Libera (PL), Kis Vars\u00f3 \/<\/p><p>Little Warsaw, Misota D\u00e1niel, Pettendi Szab\u00f3 P\u00e9ter, Katharina Roters (DE), Soci\u00e9t\u00e9 R\u00e9aliste (FR-HU),<\/p><p>Schuller Judit Fl\u00f3ra, Szolnoki J\u00f3zsef, Tasn\u00e1di J\u00f3zsef, T\u00f3th Kinga<\/p><p><strong>Kur\u00e1tor | Curator: <\/strong>S\u00fcli-Zakar Szabolcs<\/p><p><strong>MODEM Modern \u00e9s Kort\u00e1rs M\u0171v\u00e9szeti K\u00f6zpont | MODEM Centre for Modern and Contemporary Art<\/strong><\/p><p><strong>\u00dcgyvezet\u0151 | Director:<\/strong> Vizi Katalin<\/p><p><strong>M\u0171v\u00e9szeti vezet\u0151 | Artistic director: <\/strong>S\u00fcli-Zakar Szabolcs<\/p><p><strong>Operat\u00edv vezet\u0151 | Operational manager:<\/strong> Deczki Gyula<\/p><p><strong>Install\u00e1ci\u00f3tervez\u00e9s | Exhibition design:<\/strong> S\u00fcli-Zakar Szabolcs<\/p><p><strong>Ki\u00e1ll\u00edt\u00e1sgrafika | Exhibition graphic design:<\/strong> Katona Barbara, Paublusztig Bettina<\/p><p><strong>3D diz\u00e1jn | 3D design:<\/strong> Orosz Gy\u00f6rgy<\/p><p><strong>Install\u00e1ci\u00f3kivitelez\u00e9s | Installation:<\/strong> H\u00e1rn\u00e1si L\u00e1szl\u00f3, Kir\u00e1ly Antal, Nagy Tam\u00e1s, Polonkai P\u00e9ter,<\/p><p>Sz\u00e1sz Zsuzsa, Szever\u00e9nyi Attila, Zilahi S\u00e1ndor<\/p><p><strong>Grafikai kivitelez\u00e9s | Graphic implementation: <\/strong>Bihari Tam\u00e1s, Szab\u00f3 Zsolt<\/p><p><strong>Vil\u00e1g\u00edt\u00e1s | Lighting: <\/strong>Szever\u00e9nyi Attila, Zilahi S\u00e1ndor<\/p><p><strong>Ki\u00e1ll\u00edt\u00f3t\u00e9ri sz\u00f6vegek | Exhibition Texts: <\/strong>S\u00fcli-Zakar Szabolcs<\/p><p><strong>Sz\u00f6veggondoz\u00e1s | Copy editor:<\/strong> Kov\u00e1cs Edward<\/p><p><strong>Ford\u00edt\u00e1s | Translation: <\/strong>Lak\u00f3 Zsigmond, Ben Schutz<\/p><p><strong>M\u0171t\u00e1rgyk\u00f6lcs\u00f6nz\u00e9si feladatok | Registrars:<\/strong> Marczin I. Bence, Szab\u00f3 Zsuzsanna<\/p><p><strong>Gazdas\u00e1gi feladatok | Financial tasks: <\/strong>Fodor Ildik\u00f3, T\u00f3th Rich\u00e1rdn\u00e9 Mara, Tak\u00e1csn\u00e9 Vill\u00e1s Andrea<\/p><p><strong>Jogi feladatok | Legal tasks: <\/strong>Ny\u00e9ki Emese, Heged\u00fcs Anik\u00f3<\/p><p><strong>Programszervez\u00e9s | Program organization:<\/strong> Dank\u00f3 Petra<\/p><p><strong>Kommunik\u00e1ci\u00f3 \u00e9s marketing | Communication and marketing:<\/strong> G\u00e1ll Edina, Szab\u00f3 D\u00e1niel<\/p><p><strong>Fot\u00f3, vide\u00f3 | Photo, video: <\/strong>Vigh Levente<\/p><p><strong>M\u00fazeumpedag\u00f3gia | Museum education:<\/strong> Cs\u0151ke Kitti<\/p><p><strong>Logisztika | Logistics:<\/strong> Kov\u00e1cs S\u00e1ndor, Marczin I. Bence, Szab\u00f3 Zsuzsanna<\/p><p><strong>M\u0171t\u00e1rgysz\u00e1ll\u00edt\u00e1s | Transportation: <\/strong>MODEM, Pirosorigo Kft.<\/p><p><strong>Biztos\u00edt\u00e1s | Insurance: <\/strong>UNIQA Biztos\u00edt\u00f3 Zrt.<\/p><p>HUNGART \u00a9 2023<\/p><p>A MODEM k\u00f6sz\u00f6netet mond a m\u0171t\u00e1rgyaikat a ki\u00e1ll\u00edt\u00e1sra k\u00f6lcs\u00f6nz\u0151 gal\u00e9ri\u00e1knak \u00e9s gy\u0171jt\u0151knek.<\/p><p>The MODEM would like to express its thanks to the collectors and galleries for lending their artworks.<\/p><p><strong>Egy\u00fcttm\u0171k\u00f6d\u0151 partner\u00fcnk | Collaborating Partner:<\/strong><\/p><p>A N O M A L Y (JP), Channel 4, Filmform Stockholm (S), Galeria Raster (PL), Lola Arias Company,<\/p><p>M\u00e9liusz Juh\u00e1sz P\u00e9ter K\u00f6nyvt\u00e1r, Nemzeti Filmint\u00e9zet, OSA Archivum, The Artangel Collection (UK)<\/p><p><strong>K\u00f6sz\u00f6net illeti | thanks to:<\/strong><\/p><p>Csatl\u00f3s Judit, Erhardt Mikl\u00f3s, Esterh\u00e1zy Marcell, Gad\u00f3 Fl\u00f3ra, Krzysztof Nowakowski, Laura Cecilia<\/p><p>Nicolas, Mara Mart\u00ednez, Mutsumi Urano, Rio Kojima, R\u00f3ka Enik\u0151, Sasv\u00e1ri Edit, Varga T\u00fcnde<\/p>","protected":false},"featured_media":0,"template":"","class_list":["post-27675","blogposts","type-blogposts","status-publish","hentry","col-md-4 col-sm-6"],"acf":[],"yoast_head":"<!-- This site is optimized with the Yoast SEO plugin v24.4 - https:\/\/yoast.com\/wordpress\/plugins\/seo\/ -->\n<title>Re:Re &#8211; Modemart<\/title>\n<meta name=\"robots\" content=\"noindex, follow\" \/>\n<meta property=\"og:locale\" content=\"en_US\" \/>\n<meta property=\"og:type\" content=\"article\" \/>\n<meta property=\"og:title\" content=\"Re:Re &#8211; Modemart\" \/>\n<meta property=\"og:description\" content=\"KI\u00c1LL\u00cdT\u00c1S | EXHIBITION 2023. \u00e1prilis 22. \u2013 szeptember 17. | 22 April\u201317 September 2023. Ki\u00e1ll\u00edt\u00f3 m\u0171v\u00e9szek | Exhibiting Artists: Lola Arias (AR), B\u00f6g\u00f6s Lor\u00e1nd, Erhardt Mikl\u00f3s, Irina Botea Bucan (RO), Jeremy Deller (UK), Esterh\u00e1zy P\u00e9ter, Hofg\u00e1rt K\u00e1roly, Ingela Johansson (SE), Takahiro Iwasaki (JP), Zbigniew Libera (PL), Kis Vars\u00f3 \/ Little Warsaw, Misota D\u00e1niel, Pettendi Szab\u00f3&hellip;\" \/>\n<meta property=\"og:url\" content=\"https:\/\/modemart.hu\/en\/blogposts\/rere\/\" \/>\n<meta property=\"og:site_name\" content=\"Modemart\" \/>\n<meta property=\"article:publisher\" content=\"https:\/\/hu-hu.facebook.com\/modemdebrecen\/\" \/>\n<meta property=\"article:modified_time\" content=\"2023-10-12T13:21:34+00:00\" \/>\n<meta name=\"twitter:card\" content=\"summary_large_image\" \/>\n<meta name=\"twitter:label1\" content=\"Est. reading time\" \/>\n\t<meta name=\"twitter:data1\" content=\"2 minutes\" \/>\n<script type=\"application\/ld+json\" class=\"yoast-schema-graph\">{\"@context\":\"https:\/\/schema.org\",\"@graph\":[{\"@type\":\"WebPage\",\"@id\":\"https:\/\/modemart.hu\/en\/blogposts\/rere\/\",\"url\":\"https:\/\/modemart.hu\/en\/blogposts\/rere\/\",\"name\":\"Re:Re &#8211; Modemart\",\"isPartOf\":{\"@id\":\"https:\/\/modemart.hu\/#website\"},\"datePublished\":\"2023-10-12T13:21:16+00:00\",\"dateModified\":\"2023-10-12T13:21:34+00:00\",\"breadcrumb\":{\"@id\":\"https:\/\/modemart.hu\/en\/blogposts\/rere\/#breadcrumb\"},\"inLanguage\":\"en-US\",\"potentialAction\":[{\"@type\":\"ReadAction\",\"target\":[\"https:\/\/modemart.hu\/en\/blogposts\/rere\/\"]}]},{\"@type\":\"BreadcrumbList\",\"@id\":\"https:\/\/modemart.hu\/en\/blogposts\/rere\/#breadcrumb\",\"itemListElement\":[{\"@type\":\"ListItem\",\"position\":1,\"name\":\"Home\",\"item\":\"https:\/\/modemart.hu\/\"},{\"@type\":\"ListItem\",\"position\":2,\"name\":\"Blog bejegyz\u00e9sek\",\"item\":\"https:\/\/modemart.hu\/blogposts\/\"},{\"@type\":\"ListItem\",\"position\":3,\"name\":\"Re:Re\"}]},{\"@type\":\"WebSite\",\"@id\":\"https:\/\/modemart.hu\/#website\",\"url\":\"https:\/\/modemart.hu\/\",\"name\":\"Modemart\",\"description\":\"Center for Modern and Contemporary Art\",\"publisher\":{\"@id\":\"https:\/\/modemart.hu\/#organization\"},\"potentialAction\":[{\"@type\":\"SearchAction\",\"target\":{\"@type\":\"EntryPoint\",\"urlTemplate\":\"https:\/\/modemart.hu\/?s={search_term_string}\"},\"query-input\":{\"@type\":\"PropertyValueSpecification\",\"valueRequired\":true,\"valueName\":\"search_term_string\"}}],\"inLanguage\":\"en-US\"},{\"@type\":\"Organization\",\"@id\":\"https:\/\/modemart.hu\/#organization\",\"name\":\"Modemart\",\"url\":\"https:\/\/modemart.hu\/\",\"logo\":{\"@type\":\"ImageObject\",\"inLanguage\":\"en-US\",\"@id\":\"https:\/\/modemart.hu\/#\/schema\/logo\/image\/\",\"url\":\"https:\/\/modemart.hu\/wp-content\/uploads\/2022\/07\/modemlogo.png\",\"contentUrl\":\"https:\/\/modemart.hu\/wp-content\/uploads\/2022\/07\/modemlogo.png\",\"width\":260,\"height\":136,\"caption\":\"Modemart\"},\"image\":{\"@id\":\"https:\/\/modemart.hu\/#\/schema\/logo\/image\/\"},\"sameAs\":[\"https:\/\/hu-hu.facebook.com\/modemdebrecen\/\"]}]}<\/script>\n<!-- \/ Yoast SEO plugin. -->","yoast_head_json":{"title":"Re:Re &#8211; Modemart","robots":{"index":"noindex","follow":"follow"},"og_locale":"en_US","og_type":"article","og_title":"Re:Re &#8211; Modemart","og_description":"KI\u00c1LL\u00cdT\u00c1S | EXHIBITION 2023. \u00e1prilis 22. \u2013 szeptember 17. | 22 April\u201317 September 2023. Ki\u00e1ll\u00edt\u00f3 m\u0171v\u00e9szek | Exhibiting Artists: Lola Arias (AR), B\u00f6g\u00f6s Lor\u00e1nd, Erhardt Mikl\u00f3s, Irina Botea Bucan (RO), Jeremy Deller (UK), Esterh\u00e1zy P\u00e9ter, Hofg\u00e1rt K\u00e1roly, Ingela Johansson (SE), Takahiro Iwasaki (JP), Zbigniew Libera (PL), Kis Vars\u00f3 \/ Little Warsaw, Misota D\u00e1niel, Pettendi Szab\u00f3&hellip;","og_url":"https:\/\/modemart.hu\/en\/blogposts\/rere\/","og_site_name":"Modemart","article_publisher":"https:\/\/hu-hu.facebook.com\/modemdebrecen\/","article_modified_time":"2023-10-12T13:21:34+00:00","twitter_card":"summary_large_image","twitter_misc":{"Est. reading time":"2 minutes"},"schema":{"@context":"https:\/\/schema.org","@graph":[{"@type":"WebPage","@id":"https:\/\/modemart.hu\/en\/blogposts\/rere\/","url":"https:\/\/modemart.hu\/en\/blogposts\/rere\/","name":"Re:Re &#8211; Modemart","isPartOf":{"@id":"https:\/\/modemart.hu\/#website"},"datePublished":"2023-10-12T13:21:16+00:00","dateModified":"2023-10-12T13:21:34+00:00","breadcrumb":{"@id":"https:\/\/modemart.hu\/en\/blogposts\/rere\/#breadcrumb"},"inLanguage":"en-US","potentialAction":[{"@type":"ReadAction","target":["https:\/\/modemart.hu\/en\/blogposts\/rere\/"]}]},{"@type":"BreadcrumbList","@id":"https:\/\/modemart.hu\/en\/blogposts\/rere\/#breadcrumb","itemListElement":[{"@type":"ListItem","position":1,"name":"Home","item":"https:\/\/modemart.hu\/"},{"@type":"ListItem","position":2,"name":"Blog bejegyz\u00e9sek","item":"https:\/\/modemart.hu\/blogposts\/"},{"@type":"ListItem","position":3,"name":"Re:Re"}]},{"@type":"WebSite","@id":"https:\/\/modemart.hu\/#website","url":"https:\/\/modemart.hu\/","name":"Modemart","description":"Center for Modern and Contemporary Art","publisher":{"@id":"https:\/\/modemart.hu\/#organization"},"potentialAction":[{"@type":"SearchAction","target":{"@type":"EntryPoint","urlTemplate":"https:\/\/modemart.hu\/?s={search_term_string}"},"query-input":{"@type":"PropertyValueSpecification","valueRequired":true,"valueName":"search_term_string"}}],"inLanguage":"en-US"},{"@type":"Organization","@id":"https:\/\/modemart.hu\/#organization","name":"Modemart","url":"https:\/\/modemart.hu\/","logo":{"@type":"ImageObject","inLanguage":"en-US","@id":"https:\/\/modemart.hu\/#\/schema\/logo\/image\/","url":"https:\/\/modemart.hu\/wp-content\/uploads\/2022\/07\/modemlogo.png","contentUrl":"https:\/\/modemart.hu\/wp-content\/uploads\/2022\/07\/modemlogo.png","width":260,"height":136,"caption":"Modemart"},"image":{"@id":"https:\/\/modemart.hu\/#\/schema\/logo\/image\/"},"sameAs":["https:\/\/hu-hu.facebook.com\/modemdebrecen\/"]}]}},"_links":{"self":[{"href":"https:\/\/modemart.hu\/en\/wp-json\/wp\/v2\/blogposts\/27675","targetHints":{"allow":["GET"]}}],"collection":[{"href":"https:\/\/modemart.hu\/en\/wp-json\/wp\/v2\/blogposts"}],"about":[{"href":"https:\/\/modemart.hu\/en\/wp-json\/wp\/v2\/types\/blogposts"}],"wp:attachment":[{"href":"https:\/\/modemart.hu\/en\/wp-json\/wp\/v2\/media?parent=27675"}],"curies":[{"name":"wp","href":"https:\/\/api.w.org\/{rel}","templated":true}]}}