

{"id":18900,"date":"2021-09-24T09:01:39","date_gmt":"2021-09-24T07:01:39","guid":{"rendered":"https:\/\/modemart.hu\/parizsi-absztraktok-abstraction-creation-megnyito\/"},"modified":"2024-09-30T13:58:42","modified_gmt":"2024-09-30T11:58:42","slug":"parizsi-absztraktok-abstraction-creation-megnyito","status":"publish","type":"post","link":"https:\/\/modemart.hu\/en\/parizsi-absztraktok-abstraction-creation-megnyito\/","title":{"rendered":"Parisian Abstracts. Abstraction-Cr\u00e9ation. opening ceremony"},"content":{"rendered":"<p>&nbsp;<\/p>\n<p><img loading=\"lazy\" decoding=\"async\" class=\"aligncenter size-full wp-image-18913\" src=\"https:\/\/modemart.hu\/wp-content\/uploads\/2021\/09\/kismeret_esemeny_ANGOL.png\" alt=\"\" width=\"1201\" height=\"628\" srcset=\"https:\/\/modemart.hu\/wp-content\/uploads\/2021\/09\/kismeret_esemeny_ANGOL.png 1201w, https:\/\/modemart.hu\/wp-content\/uploads\/2021\/09\/kismeret_esemeny_ANGOL-600x314.png 600w, https:\/\/modemart.hu\/wp-content\/uploads\/2021\/09\/kismeret_esemeny_ANGOL-300x157.png 300w, https:\/\/modemart.hu\/wp-content\/uploads\/2021\/09\/kismeret_esemeny_ANGOL-768x402.png 768w, https:\/\/modemart.hu\/wp-content\/uploads\/2021\/09\/kismeret_esemeny_ANGOL-1024x535.png 1024w, https:\/\/modemart.hu\/wp-content\/uploads\/2021\/09\/kismeret_esemeny_ANGOL-1000x523.png 1000w\" sizes=\"auto, (max-width: 1201px) 100vw, 1201px\" \/><\/p>\n<p>On behalf of the MODEM Modern and Contemporary Arts Centre we kindly invite you to the opening event of our latest, internationally unique exhibition on 2nd October, Saturday.<\/p>\n<p>The unique international exhibition titled <em>Parisian Abstracts. Abstraction-Cr\u00e9ation. Kandinszkij, H\u00e9lion, Calder, Moholy-Nagy\u2026<\/em> puts on display the activity of the ever-existed greatest official non-figurative grouping, the Abstraction-Cr\u00e9ation, and the world of Paris in the 30s.<\/p>\n<p>Curator: Dr. Fl\u00f3ra M\u00e9sz\u00e1ros Fl\u00f3ra, Art Historian<\/p>\n<p>Programme of the opening event:<br \/>\nWelcome speeches of <strong>Lajos K\u00f3sa<\/strong>, the member of parliament\u00a0<strong>Dr. Istv\u00e1n Pusk\u00e1s<\/strong>, the cultural deputy mayor of Debrecen, <strong>Katalin Vizi<\/strong>, the managing director of MODEM, and <strong>Dr. Fl\u00f3ra M\u00e9sz\u00e1ros<\/strong>, the curator of the exhibition.<\/p>\n<p>The exhibition will be opened by <strong>Dr. Sarah Wilson<\/strong>, professor of the Courtaulds Institute of Art.<\/p>\n<p>Venue: MODEM Modern and Contemporary Arts Centre, 4026 Debrecen, 1-3. Hunyadi J\u00e1nos Str.<\/p>\n<h4>Date and time: 2nd October 2021, 6pm<\/h4>\n<p>The opening ceremony can only be attended with a vaccine certificate.<\/p>\n","protected":false},"excerpt":{"rendered":"<p>&nbsp; On behalf of the MODEM Modern and Contemporary Arts Centre we kindly invite you to the opening event of our latest, internationally unique exhibition on 2nd October, Saturday. The unique international exhibition titled Parisian Abstracts. Abstraction-Cr\u00e9ation. Kandinszkij, H\u00e9lion, Calder, Moholy-Nagy\u2026 puts on display the activity of the ever-existed greatest official non-figurative grouping, the Abstraction-Cr\u00e9ation,&hellip;<\/p>\n<a class=\"read-more-link\" href=\" https:\/\/modemart.hu\/en\/parizsi-absztraktok-abstraction-creation-megnyito\/ \">Read More<\/a>","protected":false},"author":5,"featured_media":18915,"comment_status":"closed","ping_status":"closed","sticky":false,"template":"","format":"standard","meta":{"_acf_changed":false,"inline_featured_image":false,"footnotes":""},"categories":[58,3],"tags":[],"class_list":["post-18900","post","type-post","status-publish","format-standard","has-post-thumbnail","hentry","category-news","category-uncategorized","col-md-4 col-sm-6"],"acf":[],"yoast_head":"<!-- This site is optimized with the Yoast SEO plugin v24.4 - https:\/\/yoast.com\/wordpress\/plugins\/seo\/ -->\n<title>Parisian Abstracts. Abstraction-Cr\u00e9ation. opening ceremony &#8211; Modemart<\/title>\n<meta name=\"robots\" content=\"index, follow, max-snippet:-1, max-image-preview:large, max-video-preview:-1\" \/>\n<link rel=\"canonical\" href=\"https:\/\/modemart.hu\/en\/parizsi-absztraktok-abstraction-creation-megnyito\/\" \/>\n<meta property=\"og:locale\" content=\"en_US\" \/>\n<meta property=\"og:type\" content=\"article\" \/>\n<meta property=\"og:title\" content=\"Parisian Abstracts. Abstraction-Cr\u00e9ation. opening ceremony &#8211; Modemart\" \/>\n<meta property=\"og:description\" content=\"&nbsp; On behalf of the MODEM Modern and Contemporary Arts Centre we kindly invite you to the opening event of our latest, internationally unique exhibition on 2nd October, Saturday. The unique international exhibition titled Parisian Abstracts. Abstraction-Cr\u00e9ation. Kandinszkij, H\u00e9lion, Calder, Moholy-Nagy\u2026 puts on display the activity of the ever-existed greatest official non-figurative grouping, the Abstraction-Cr\u00e9ation,&hellip;\" \/>\n<meta property=\"og:url\" content=\"https:\/\/modemart.hu\/en\/parizsi-absztraktok-abstraction-creation-megnyito\/\" \/>\n<meta property=\"og:site_name\" content=\"Modemart\" \/>\n<meta property=\"article:publisher\" content=\"https:\/\/hu-hu.facebook.com\/modemdebrecen\/\" \/>\n<meta property=\"article:published_time\" content=\"2021-09-24T07:01:39+00:00\" \/>\n<meta property=\"article:modified_time\" content=\"2024-09-30T11:58:42+00:00\" \/>\n<meta property=\"og:image\" content=\"https:\/\/modemart.hu\/wp-content\/uploads\/2021\/09\/kismeret_negyzetes_ANGOL.png\" \/>\n\t<meta property=\"og:image:width\" content=\"1081\" \/>\n\t<meta property=\"og:image:height\" content=\"1080\" \/>\n\t<meta property=\"og:image:type\" content=\"image\/png\" \/>\n<meta name=\"author\" content=\"Modem Art\" \/>\n<meta name=\"twitter:card\" content=\"summary_large_image\" \/>\n<meta name=\"twitter:label1\" content=\"Written by\" \/>\n\t<meta name=\"twitter:data1\" content=\"Modem Art\" \/>\n\t<meta name=\"twitter:label2\" content=\"Est. reading time\" \/>\n\t<meta name=\"twitter:data2\" content=\"1 minute\" \/>\n<script type=\"application\/ld+json\" class=\"yoast-schema-graph\">{\"@context\":\"https:\/\/schema.org\",\"@graph\":[{\"@type\":\"Article\",\"@id\":\"https:\/\/modemart.hu\/en\/parizsi-absztraktok-abstraction-creation-megnyito\/#article\",\"isPartOf\":{\"@id\":\"https:\/\/modemart.hu\/en\/parizsi-absztraktok-abstraction-creation-megnyito\/\"},\"author\":{\"name\":\"Modem Art\",\"@id\":\"https:\/\/modemart.hu\/#\/schema\/person\/9880b61373d3f2e4288cc1a5b5d664e1\"},\"headline\":\"Parisian Abstracts. Abstraction-Cr\u00e9ation. opening ceremony\",\"datePublished\":\"2021-09-24T07:01:39+00:00\",\"dateModified\":\"2024-09-30T11:58:42+00:00\",\"mainEntityOfPage\":{\"@id\":\"https:\/\/modemart.hu\/en\/parizsi-absztraktok-abstraction-creation-megnyito\/\"},\"wordCount\":174,\"publisher\":{\"@id\":\"https:\/\/modemart.hu\/#organization\"},\"image\":{\"@id\":\"https:\/\/modemart.hu\/en\/parizsi-absztraktok-abstraction-creation-megnyito\/#primaryimage\"},\"thumbnailUrl\":\"https:\/\/modemart.hu\/wp-content\/uploads\/2021\/09\/kismeret_negyzetes_ANGOL.png\",\"articleSection\":[\"News\"],\"inLanguage\":\"en-US\"},{\"@type\":\"WebPage\",\"@id\":\"https:\/\/modemart.hu\/en\/parizsi-absztraktok-abstraction-creation-megnyito\/\",\"url\":\"https:\/\/modemart.hu\/en\/parizsi-absztraktok-abstraction-creation-megnyito\/\",\"name\":\"Parisian Abstracts. Abstraction-Cr\u00e9ation. opening ceremony &#8211; Modemart\",\"isPartOf\":{\"@id\":\"https:\/\/modemart.hu\/#website\"},\"primaryImageOfPage\":{\"@id\":\"https:\/\/modemart.hu\/en\/parizsi-absztraktok-abstraction-creation-megnyito\/#primaryimage\"},\"image\":{\"@id\":\"https:\/\/modemart.hu\/en\/parizsi-absztraktok-abstraction-creation-megnyito\/#primaryimage\"},\"thumbnailUrl\":\"https:\/\/modemart.hu\/wp-content\/uploads\/2021\/09\/kismeret_negyzetes_ANGOL.png\",\"datePublished\":\"2021-09-24T07:01:39+00:00\",\"dateModified\":\"2024-09-30T11:58:42+00:00\",\"breadcrumb\":{\"@id\":\"https:\/\/modemart.hu\/en\/parizsi-absztraktok-abstraction-creation-megnyito\/#breadcrumb\"},\"inLanguage\":\"en-US\",\"potentialAction\":[{\"@type\":\"ReadAction\",\"target\":[\"https:\/\/modemart.hu\/en\/parizsi-absztraktok-abstraction-creation-megnyito\/\"]}]},{\"@type\":\"ImageObject\",\"inLanguage\":\"en-US\",\"@id\":\"https:\/\/modemart.hu\/en\/parizsi-absztraktok-abstraction-creation-megnyito\/#primaryimage\",\"url\":\"https:\/\/modemart.hu\/wp-content\/uploads\/2021\/09\/kismeret_negyzetes_ANGOL.png\",\"contentUrl\":\"https:\/\/modemart.hu\/wp-content\/uploads\/2021\/09\/kismeret_negyzetes_ANGOL.png\",\"width\":1081,\"height\":1080},{\"@type\":\"BreadcrumbList\",\"@id\":\"https:\/\/modemart.hu\/en\/parizsi-absztraktok-abstraction-creation-megnyito\/#breadcrumb\",\"itemListElement\":[{\"@type\":\"ListItem\",\"position\":1,\"name\":\"Home\",\"item\":\"https:\/\/modemart.hu\/\"},{\"@type\":\"ListItem\",\"position\":2,\"name\":\"Parisian Abstracts. Abstraction-Cr\u00e9ation. opening ceremony\"}]},{\"@type\":\"WebSite\",\"@id\":\"https:\/\/modemart.hu\/#website\",\"url\":\"https:\/\/modemart.hu\/\",\"name\":\"Modemart\",\"description\":\"Center for Modern and Contemporary Art\",\"publisher\":{\"@id\":\"https:\/\/modemart.hu\/#organization\"},\"potentialAction\":[{\"@type\":\"SearchAction\",\"target\":{\"@type\":\"EntryPoint\",\"urlTemplate\":\"https:\/\/modemart.hu\/?s={search_term_string}\"},\"query-input\":{\"@type\":\"PropertyValueSpecification\",\"valueRequired\":true,\"valueName\":\"search_term_string\"}}],\"inLanguage\":\"en-US\"},{\"@type\":\"Organization\",\"@id\":\"https:\/\/modemart.hu\/#organization\",\"name\":\"Modemart\",\"url\":\"https:\/\/modemart.hu\/\",\"logo\":{\"@type\":\"ImageObject\",\"inLanguage\":\"en-US\",\"@id\":\"https:\/\/modemart.hu\/#\/schema\/logo\/image\/\",\"url\":\"https:\/\/modemart.hu\/wp-content\/uploads\/2022\/07\/modemlogo.png\",\"contentUrl\":\"https:\/\/modemart.hu\/wp-content\/uploads\/2022\/07\/modemlogo.png\",\"width\":260,\"height\":136,\"caption\":\"Modemart\"},\"image\":{\"@id\":\"https:\/\/modemart.hu\/#\/schema\/logo\/image\/\"},\"sameAs\":[\"https:\/\/hu-hu.facebook.com\/modemdebrecen\/\"]},{\"@type\":\"Person\",\"@id\":\"https:\/\/modemart.hu\/#\/schema\/person\/9880b61373d3f2e4288cc1a5b5d664e1\",\"name\":\"Modem Art\",\"image\":{\"@type\":\"ImageObject\",\"inLanguage\":\"en-US\",\"@id\":\"https:\/\/modemart.hu\/#\/schema\/person\/image\/\",\"url\":\"https:\/\/secure.gravatar.com\/avatar\/80124e1fe511c0e5f7d7834c5ae56453?s=96&d=mm&r=g\",\"contentUrl\":\"https:\/\/secure.gravatar.com\/avatar\/80124e1fe511c0e5f7d7834c5ae56453?s=96&d=mm&r=g\",\"caption\":\"Modem Art\"}}]}<\/script>\n<!-- \/ Yoast SEO plugin. -->","yoast_head_json":{"title":"Parisian Abstracts. Abstraction-Cr\u00e9ation. opening ceremony &#8211; Modemart","robots":{"index":"index","follow":"follow","max-snippet":"max-snippet:-1","max-image-preview":"max-image-preview:large","max-video-preview":"max-video-preview:-1"},"canonical":"https:\/\/modemart.hu\/en\/parizsi-absztraktok-abstraction-creation-megnyito\/","og_locale":"en_US","og_type":"article","og_title":"Parisian Abstracts. Abstraction-Cr\u00e9ation. opening ceremony &#8211; Modemart","og_description":"&nbsp; On behalf of the MODEM Modern and Contemporary Arts Centre we kindly invite you to the opening event of our latest, internationally unique exhibition on 2nd October, Saturday. The unique international exhibition titled Parisian Abstracts. Abstraction-Cr\u00e9ation. Kandinszkij, H\u00e9lion, Calder, Moholy-Nagy\u2026 puts on display the activity of the ever-existed greatest official non-figurative grouping, the Abstraction-Cr\u00e9ation,&hellip;","og_url":"https:\/\/modemart.hu\/en\/parizsi-absztraktok-abstraction-creation-megnyito\/","og_site_name":"Modemart","article_publisher":"https:\/\/hu-hu.facebook.com\/modemdebrecen\/","article_published_time":"2021-09-24T07:01:39+00:00","article_modified_time":"2024-09-30T11:58:42+00:00","og_image":[{"width":1081,"height":1080,"url":"https:\/\/modemart.hu\/wp-content\/uploads\/2021\/09\/kismeret_negyzetes_ANGOL.png","type":"image\/png"}],"author":"Modem Art","twitter_card":"summary_large_image","twitter_misc":{"Written by":"Modem Art","Est. reading time":"1 minute"},"schema":{"@context":"https:\/\/schema.org","@graph":[{"@type":"Article","@id":"https:\/\/modemart.hu\/en\/parizsi-absztraktok-abstraction-creation-megnyito\/#article","isPartOf":{"@id":"https:\/\/modemart.hu\/en\/parizsi-absztraktok-abstraction-creation-megnyito\/"},"author":{"name":"Modem Art","@id":"https:\/\/modemart.hu\/#\/schema\/person\/9880b61373d3f2e4288cc1a5b5d664e1"},"headline":"Parisian Abstracts. Abstraction-Cr\u00e9ation. opening ceremony","datePublished":"2021-09-24T07:01:39+00:00","dateModified":"2024-09-30T11:58:42+00:00","mainEntityOfPage":{"@id":"https:\/\/modemart.hu\/en\/parizsi-absztraktok-abstraction-creation-megnyito\/"},"wordCount":174,"publisher":{"@id":"https:\/\/modemart.hu\/#organization"},"image":{"@id":"https:\/\/modemart.hu\/en\/parizsi-absztraktok-abstraction-creation-megnyito\/#primaryimage"},"thumbnailUrl":"https:\/\/modemart.hu\/wp-content\/uploads\/2021\/09\/kismeret_negyzetes_ANGOL.png","articleSection":["News"],"inLanguage":"en-US"},{"@type":"WebPage","@id":"https:\/\/modemart.hu\/en\/parizsi-absztraktok-abstraction-creation-megnyito\/","url":"https:\/\/modemart.hu\/en\/parizsi-absztraktok-abstraction-creation-megnyito\/","name":"Parisian Abstracts. Abstraction-Cr\u00e9ation. opening ceremony &#8211; Modemart","isPartOf":{"@id":"https:\/\/modemart.hu\/#website"},"primaryImageOfPage":{"@id":"https:\/\/modemart.hu\/en\/parizsi-absztraktok-abstraction-creation-megnyito\/#primaryimage"},"image":{"@id":"https:\/\/modemart.hu\/en\/parizsi-absztraktok-abstraction-creation-megnyito\/#primaryimage"},"thumbnailUrl":"https:\/\/modemart.hu\/wp-content\/uploads\/2021\/09\/kismeret_negyzetes_ANGOL.png","datePublished":"2021-09-24T07:01:39+00:00","dateModified":"2024-09-30T11:58:42+00:00","breadcrumb":{"@id":"https:\/\/modemart.hu\/en\/parizsi-absztraktok-abstraction-creation-megnyito\/#breadcrumb"},"inLanguage":"en-US","potentialAction":[{"@type":"ReadAction","target":["https:\/\/modemart.hu\/en\/parizsi-absztraktok-abstraction-creation-megnyito\/"]}]},{"@type":"ImageObject","inLanguage":"en-US","@id":"https:\/\/modemart.hu\/en\/parizsi-absztraktok-abstraction-creation-megnyito\/#primaryimage","url":"https:\/\/modemart.hu\/wp-content\/uploads\/2021\/09\/kismeret_negyzetes_ANGOL.png","contentUrl":"https:\/\/modemart.hu\/wp-content\/uploads\/2021\/09\/kismeret_negyzetes_ANGOL.png","width":1081,"height":1080},{"@type":"BreadcrumbList","@id":"https:\/\/modemart.hu\/en\/parizsi-absztraktok-abstraction-creation-megnyito\/#breadcrumb","itemListElement":[{"@type":"ListItem","position":1,"name":"Home","item":"https:\/\/modemart.hu\/"},{"@type":"ListItem","position":2,"name":"Parisian Abstracts. Abstraction-Cr\u00e9ation. opening ceremony"}]},{"@type":"WebSite","@id":"https:\/\/modemart.hu\/#website","url":"https:\/\/modemart.hu\/","name":"Modemart","description":"Center for Modern and Contemporary Art","publisher":{"@id":"https:\/\/modemart.hu\/#organization"},"potentialAction":[{"@type":"SearchAction","target":{"@type":"EntryPoint","urlTemplate":"https:\/\/modemart.hu\/?s={search_term_string}"},"query-input":{"@type":"PropertyValueSpecification","valueRequired":true,"valueName":"search_term_string"}}],"inLanguage":"en-US"},{"@type":"Organization","@id":"https:\/\/modemart.hu\/#organization","name":"Modemart","url":"https:\/\/modemart.hu\/","logo":{"@type":"ImageObject","inLanguage":"en-US","@id":"https:\/\/modemart.hu\/#\/schema\/logo\/image\/","url":"https:\/\/modemart.hu\/wp-content\/uploads\/2022\/07\/modemlogo.png","contentUrl":"https:\/\/modemart.hu\/wp-content\/uploads\/2022\/07\/modemlogo.png","width":260,"height":136,"caption":"Modemart"},"image":{"@id":"https:\/\/modemart.hu\/#\/schema\/logo\/image\/"},"sameAs":["https:\/\/hu-hu.facebook.com\/modemdebrecen\/"]},{"@type":"Person","@id":"https:\/\/modemart.hu\/#\/schema\/person\/9880b61373d3f2e4288cc1a5b5d664e1","name":"Modem Art","image":{"@type":"ImageObject","inLanguage":"en-US","@id":"https:\/\/modemart.hu\/#\/schema\/person\/image\/","url":"https:\/\/secure.gravatar.com\/avatar\/80124e1fe511c0e5f7d7834c5ae56453?s=96&d=mm&r=g","contentUrl":"https:\/\/secure.gravatar.com\/avatar\/80124e1fe511c0e5f7d7834c5ae56453?s=96&d=mm&r=g","caption":"Modem Art"}}]}},"jetpack_featured_media_url":"https:\/\/modemart.hu\/wp-content\/uploads\/2021\/09\/kismeret_negyzetes_ANGOL.png","_links":{"self":[{"href":"https:\/\/modemart.hu\/en\/wp-json\/wp\/v2\/posts\/18900","targetHints":{"allow":["GET"]}}],"collection":[{"href":"https:\/\/modemart.hu\/en\/wp-json\/wp\/v2\/posts"}],"about":[{"href":"https:\/\/modemart.hu\/en\/wp-json\/wp\/v2\/types\/post"}],"author":[{"embeddable":true,"href":"https:\/\/modemart.hu\/en\/wp-json\/wp\/v2\/users\/5"}],"replies":[{"embeddable":true,"href":"https:\/\/modemart.hu\/en\/wp-json\/wp\/v2\/comments?post=18900"}],"version-history":[{"count":5,"href":"https:\/\/modemart.hu\/en\/wp-json\/wp\/v2\/posts\/18900\/revisions"}],"predecessor-version":[{"id":19152,"href":"https:\/\/modemart.hu\/en\/wp-json\/wp\/v2\/posts\/18900\/revisions\/19152"}],"wp:featuredmedia":[{"embeddable":true,"href":"https:\/\/modemart.hu\/en\/wp-json\/wp\/v2\/media\/18915"}],"wp:attachment":[{"href":"https:\/\/modemart.hu\/en\/wp-json\/wp\/v2\/media?parent=18900"}],"wp:term":[{"taxonomy":"category","embeddable":true,"href":"https:\/\/modemart.hu\/en\/wp-json\/wp\/v2\/categories?post=18900"},{"taxonomy":"post_tag","embeddable":true,"href":"https:\/\/modemart.hu\/en\/wp-json\/wp\/v2\/tags?post=18900"}],"curies":[{"name":"wp","href":"https:\/\/api.w.org\/{rel}","templated":true}]}}