

{"id":42266,"date":"2025-10-02T09:47:31","date_gmt":"2025-10-02T07:47:31","guid":{"rendered":"https:\/\/modemart.hu\/?p=42266"},"modified":"2025-10-10T10:30:59","modified_gmt":"2025-10-10T08:30:59","slug":"modem-air-residency-visegrad-fund-open-call-2025-autumn","status":"publish","type":"post","link":"https:\/\/modemart.hu\/en\/modem-air-residency-visegrad-fund-open-call-2025-autumn\/","title":{"rendered":"MODEM AIR Residency &#8211; Visegrad Fund Open Call 2025 Autumn\u00a0"},"content":{"rendered":"<div class=\"wp-block-columns are-vertically-aligned-center is-layout-flex wp-container-core-columns-is-layout-1 wp-block-columns-is-layout-flex\"><div class=\"wp-block-column is-vertically-aligned-center is-layout-flow wp-block-column-is-layout-flow\" style=\"flex-basis:100%\"><div class=\"wp-block-dgwt-justified-gallery\"><div class=\"entry-gallery fullsize-gallery\">\n<div class=\"gallery gallery-size-full\">\n<ul class=\"slides list-reset\">\n<figure class=\"gallery-item\">\n<a href=\"https:\/\/modemart.hu\/wp-content\/uploads\/2025\/10\/open-call-modem-air-01-scaled.jpg\" class=\"thickbox\" data-content=\"\" rel=\"42266post-gallery\" title=\"open call-modem air-01\"><img loading=\"lazy\" decoding=\"async\" src=\"https:\/\/modemart.hu\/wp-content\/uploads\/2025\/10\/open-call-modem-air-01-scaled.jpg\" width=\"2046\" height=\"2560\" alt=\"gallery image\"  \/>\n<\/a><\/figure>\n<figure class=\"gallery-item\">\n<a href=\"https:\/\/modemart.hu\/wp-content\/uploads\/2025\/10\/open-call-modem-air-05-scaled.jpg\" class=\"thickbox\" data-content=\"\" rel=\"42266post-gallery\" title=\"open call-modem air-05\"><img loading=\"lazy\" decoding=\"async\" src=\"https:\/\/modemart.hu\/wp-content\/uploads\/2025\/10\/open-call-modem-air-05-scaled.jpg\" width=\"2046\" height=\"2560\" alt=\"gallery image\"  \/>\n<\/a><\/figure>\n<figure class=\"gallery-item\">\n<a href=\"https:\/\/modemart.hu\/wp-content\/uploads\/2025\/10\/open-call-modem-air-04-scaled.jpg\" class=\"thickbox\" data-content=\"\" rel=\"42266post-gallery\" title=\"open call-modem air-04\"><img loading=\"lazy\" decoding=\"async\" src=\"https:\/\/modemart.hu\/wp-content\/uploads\/2025\/10\/open-call-modem-air-04-scaled.jpg\" width=\"2046\" height=\"2560\" alt=\"gallery image\"  \/>\n<\/a><\/figure>\n<figure class=\"gallery-item\">\n<a href=\"https:\/\/modemart.hu\/wp-content\/uploads\/2025\/10\/open-call-modem-air-02-scaled.jpg\" class=\"thickbox\" data-content=\"\" rel=\"42266post-gallery\" title=\"open call-modem air-02\"><img loading=\"lazy\" decoding=\"async\" src=\"https:\/\/modemart.hu\/wp-content\/uploads\/2025\/10\/open-call-modem-air-02-scaled.jpg\" width=\"2046\" height=\"2560\" alt=\"gallery image\"  \/>\n<\/a><\/figure>\n<figure class=\"gallery-item\">\n<a href=\"https:\/\/modemart.hu\/wp-content\/uploads\/2025\/10\/open-call-modem-air-03-scaled.jpg\" class=\"thickbox\" data-content=\"\" rel=\"42266post-gallery\" title=\"open call-modem air-03\"><img loading=\"lazy\" decoding=\"async\" src=\"https:\/\/modemart.hu\/wp-content\/uploads\/2025\/10\/open-call-modem-air-03-scaled.jpg\" width=\"2046\" height=\"2560\" alt=\"gallery image\"  \/>\n<\/a><\/figure>\n<figure class=\"gallery-item\">\n<a href=\"https:\/\/modemart.hu\/wp-content\/uploads\/2025\/10\/open-call-modem-air-06-scaled.jpg\" class=\"thickbox\" data-content=\"\" rel=\"42266post-gallery\" title=\"open call-modem air-06\"><img loading=\"lazy\" decoding=\"async\" src=\"https:\/\/modemart.hu\/wp-content\/uploads\/2025\/10\/open-call-modem-air-06-scaled.jpg\" width=\"2046\" height=\"2560\" alt=\"gallery image\"  \/>\n<\/a><\/figure>\n<figure class=\"gallery-item\">\n<a href=\"https:\/\/modemart.hu\/wp-content\/uploads\/2025\/10\/open-call-modem-air-07-scaled.jpg\" class=\"thickbox\" data-content=\"\" rel=\"42266post-gallery\" title=\"open call-modem air-07\"><img loading=\"lazy\" decoding=\"async\" src=\"https:\/\/modemart.hu\/wp-content\/uploads\/2025\/10\/open-call-modem-air-07-scaled.jpg\" width=\"2046\" height=\"2560\" alt=\"gallery image\"  \/>\n<\/a><\/figure>\n<\/ul>\n<\/div>\n<\/div>\n<\/div><\/div><\/div><p><\/p><p><strong>MODEM invites applications for its MODEM AIR Residency, offering international artists from Visegrad countries (Czech Republic, Poland, Slovakia) the opportunity to develop new work in a supportive environment in Debrecen, Hungary.&nbsp;<\/strong><\/p><p><strong>Who Can Apply<\/strong>&nbsp;<\/p><ul class=\"wp-block-list\"><li>Artists from Visegrad countries: Czech Republic, Poland, Slovakia&nbsp;<\/li><\/ul><ul class=\"wp-block-list\"><li>Disciplines: Visual and mixed media arts, all fields included&nbsp;<\/li><\/ul><p><strong>Residency Details<\/strong>&nbsp;<\/p><ul class=\"wp-block-list\"><li><strong>Duration:<\/strong>&nbsp;2 months (flexible within the 2026 calendar year)&nbsp;<\/li><\/ul><ul class=\"wp-block-list\"><li><strong>Location:<\/strong>&nbsp;Purpose-built artist studio in a natural reserve near the Great Forest in Debrecen&nbsp;<\/li><\/ul><ul class=\"wp-block-list\"><li><strong>Accommodation:<\/strong>&nbsp;Provided&nbsp;<\/li><\/ul><ul class=\"wp-block-list\"><li><strong>Support:<\/strong>&nbsp;Continuous guidance from residency curator&nbsp;<strong>T\u00f6r\u00f6k Kriszti\u00e1n G\u00e1bor<\/strong>&nbsp;<\/li><\/ul><ul class=\"wp-block-list\"><li><strong>Public Engagement:<\/strong>&nbsp;Possibility of open studios, artist talks, workshops, and exhibitions in MODEM Project Space (subject to funding)&nbsp;<\/li><\/ul><ul class=\"wp-block-list\"><li><strong>Program:<\/strong>&nbsp;Tailor-made program with local experts and institutions&nbsp;<\/li><\/ul><p><strong>Application Requirements<\/strong>&nbsp;<\/p><p>Submit the following documents via&nbsp;<a href=\"https:\/\/forms.gle\/jcX2LAthzje9Y6ej9\" target=\"_blank\" rel=\"noreferrer noopener\"><strong>Google Form<\/strong><\/a><strong>:<\/strong>&nbsp;<\/p><ul class=\"wp-block-list\"><li>CV&nbsp;<\/li><\/ul><ul class=\"wp-block-list\"><li>Portfolio&nbsp;<\/li><\/ul><ul class=\"wp-block-list\"><li>Letter of Interest \/ Project Proposal (include proposed residency dates and&nbsp;objectives)&nbsp;<\/li><\/ul><p>Applicants may&nbsp;indicate&nbsp;any&nbsp;<strong>special requirements<\/strong>&nbsp;(technical, accessibility, family, or pets). MODEM will consider these and accommodate them where possible.&nbsp;<\/p><p><strong>Important Dates<\/strong>&nbsp;<\/p><ul class=\"wp-block-list\"><li>Rolling submissions accepted until&nbsp;<strong>12 October 2025<\/strong>&nbsp;via&nbsp;<a href=\"https:\/\/forms.gle\/jcX2LAthzje9Y6ej9\" target=\"_blank\" rel=\"noreferrer noopener\"><strong>Google Form<\/strong><\/a>.&nbsp;<\/li><\/ul><ul class=\"wp-block-list\"><li>Applicants will be&nbsp;notified by the curator&nbsp;no later than&nbsp;<strong>13 October 2025<\/strong>&nbsp;(all applicants, selected or not; selected artists will receive an official acceptance letter).&nbsp;<\/li><\/ul><ul class=\"wp-block-list\"><li>Final application must be uploaded by applicants to the\u00a0<strong>Visegrad Fund platform<\/strong>\u00a0by\u00a0<strong>15 October 2025<\/strong>:\u00a0<a href=\"https:\/\/www.visegradfund.org\/apply\/mobilities\/visual-and-sound-arts-residency\/?utm_source=chatgpt.com\" target=\"_blank\" rel=\"noreferrer noopener\">Visual and Sound Arts Residency \u2013 Visegrad Fund<\/a>\u00a0<\/li><\/ul><p><strong>Privacy and Legal Notice<\/strong>&nbsp;<\/p><p>By applying, applicants confirm that they have read and understood the&nbsp;<a href=\"https:\/\/modemmodern-my.sharepoint.com\/personal\/torok_krisztian_modemart_hu\/_layouts\/15\/onedrive.aspx?id=%2Fpersonal%2Ftorok%5Fkrisztian%5Fmodemart%5Fhu%2FDocuments%2FMODEM%5FAIR%2F02%5FAIR%2F01%5FFelh%C3%ADv%C3%A1sok%5F%C3%A9s%5Fp%C3%A1ly%C3%A1zatok%2FRezidencia%5Fopen%5Fcallok%2FAktu%C3%A1lis%2FV4%5F2025%2FInform%C3%A1ci%C3%B3%2Fprivacy%5Fpolicy%5Fmodem%5Fair%5Fresidency20251002%2Epdf&amp;parent=%2Fpersonal%2Ftorok%5Fkrisztian%5Fmodemart%5Fhu%2FDocuments%2FMODEM%5FAIR%2F02%5FAIR%2F01%5FFelh%C3%ADv%C3%A1sok%5F%C3%A9s%5Fp%C3%A1ly%C3%A1zatok%2FRezidencia%5Fopen%5Fcallok%2FAktu%C3%A1lis%2FV4%5F2025%2FInform%C3%A1ci%C3%B3&amp;ga=1\" target=\"_blank\" rel=\"noreferrer noopener\"><strong>MODEM AIR Residency Privacy Notice<\/strong><\/a>.&nbsp;<\/p><p>Applicants consent to MODEM processing their personal data for the purpose of administering the residency, in line with the GDPR. The results of the application may be publicly&nbsp;disclosed&nbsp;in online media for transparency.&nbsp;<\/p><p>Submitted projects must not infringe the rights of third parties; applicants&nbsp;are responsible for&nbsp;obtaining any necessary permissions. In case of infringement, the applicant bears full responsibility and may be excluded from the call.&nbsp;<\/p><p><strong>Apply now via Google Form:<\/strong>&nbsp;<a href=\"https:\/\/forms.gle\/jcX2LAthzje9Y6ej9\" target=\"_blank\" rel=\"noreferrer noopener\">https:\/\/forms.gle\/jcX2LAthzje9Y6ej9<\/a>&nbsp;<\/p>","protected":false},"excerpt":{"rendered":"<p>MODEM invites applications for its MODEM AIR Residency, offering international artists from Visegrad countries (Czech Republic, Poland, Slovakia) the opportunity to develop new work in a supportive environment in Debrecen, Hungary.&nbsp; Who Can Apply&nbsp; Residency Details&nbsp; Application Requirements&nbsp; Submit the following documents via&nbsp;Google Form:&nbsp; Applicants may&nbsp;indicate&nbsp;any&nbsp;special requirements&nbsp;(technical, accessibility, family, or pets). MODEM will consider these&hellip;<\/p>\n<a class=\"read-more-link\" href=\" https:\/\/modemart.hu\/en\/modem-air-residency-visegrad-fund-open-call-2025-autumn\/ \">Read More<\/a>","protected":false},"author":5,"featured_media":42279,"comment_status":"closed","ping_status":"closed","sticky":false,"template":"","format":"standard","meta":{"_acf_changed":false,"inline_featured_image":false,"footnotes":""},"categories":[58],"tags":[],"class_list":["post-42266","post","type-post","status-publish","format-standard","has-post-thumbnail","hentry","category-news","col-md-4 col-sm-6"],"acf":[],"yoast_head":"<!-- This site is optimized with the Yoast SEO plugin v24.4 - https:\/\/yoast.com\/wordpress\/plugins\/seo\/ -->\n<title>MODEM AIR Residency - Visegrad Fund Open Call 2025 Autumn\u00a0 &#8211; Modemart<\/title>\n<meta name=\"robots\" content=\"index, follow, max-snippet:-1, max-image-preview:large, max-video-preview:-1\" \/>\n<link rel=\"canonical\" href=\"https:\/\/modemart.hu\/en\/modem-air-residency-visegrad-fund-open-call-2025-autumn\/\" \/>\n<meta property=\"og:locale\" content=\"en_US\" \/>\n<meta property=\"og:type\" content=\"article\" \/>\n<meta property=\"og:title\" content=\"MODEM AIR Residency - Visegrad Fund Open Call 2025 Autumn\u00a0 &#8211; Modemart\" \/>\n<meta property=\"og:description\" content=\"MODEM invites applications for its MODEM AIR Residency, offering international artists from Visegrad countries (Czech Republic, Poland, Slovakia) the opportunity to develop new work in a supportive environment in Debrecen, Hungary.&nbsp; Who Can Apply&nbsp; Residency Details&nbsp; Application Requirements&nbsp; Submit the following documents via&nbsp;Google Form:&nbsp; Applicants may&nbsp;indicate&nbsp;any&nbsp;special requirements&nbsp;(technical, accessibility, family, or pets). MODEM will consider these&hellip;\" \/>\n<meta property=\"og:url\" content=\"https:\/\/modemart.hu\/en\/modem-air-residency-visegrad-fund-open-call-2025-autumn\/\" \/>\n<meta property=\"og:site_name\" content=\"Modemart\" \/>\n<meta property=\"article:publisher\" content=\"https:\/\/hu-hu.facebook.com\/modemdebrecen\/\" \/>\n<meta property=\"article:published_time\" content=\"2025-10-02T07:47:31+00:00\" \/>\n<meta property=\"article:modified_time\" content=\"2025-10-10T08:30:59+00:00\" \/>\n<meta property=\"og:image\" content=\"https:\/\/modemart.hu\/wp-content\/uploads\/2025\/10\/open-call-modem-air-01-scaled.jpg\" \/>\n\t<meta property=\"og:image:width\" content=\"2046\" \/>\n\t<meta property=\"og:image:height\" content=\"2560\" \/>\n\t<meta property=\"og:image:type\" content=\"image\/jpeg\" \/>\n<meta name=\"author\" content=\"Modem Art\" \/>\n<meta name=\"twitter:card\" content=\"summary_large_image\" \/>\n<meta name=\"twitter:label1\" content=\"Written by\" \/>\n\t<meta name=\"twitter:data1\" content=\"Modem Art\" \/>\n\t<meta name=\"twitter:label2\" content=\"Est. reading time\" \/>\n\t<meta name=\"twitter:data2\" content=\"2 minutes\" \/>\n<script type=\"application\/ld+json\" class=\"yoast-schema-graph\">{\"@context\":\"https:\/\/schema.org\",\"@graph\":[{\"@type\":\"Article\",\"@id\":\"https:\/\/modemart.hu\/en\/modem-air-residency-visegrad-fund-open-call-2025-autumn\/#article\",\"isPartOf\":{\"@id\":\"https:\/\/modemart.hu\/en\/modem-air-residency-visegrad-fund-open-call-2025-autumn\/\"},\"author\":{\"name\":\"Modem Art\",\"@id\":\"https:\/\/modemart.hu\/#\/schema\/person\/9880b61373d3f2e4288cc1a5b5d664e1\"},\"headline\":\"MODEM AIR Residency &#8211; Visegrad Fund Open Call 2025 Autumn\u00a0\",\"datePublished\":\"2025-10-02T07:47:31+00:00\",\"dateModified\":\"2025-10-10T08:30:59+00:00\",\"mainEntityOfPage\":{\"@id\":\"https:\/\/modemart.hu\/en\/modem-air-residency-visegrad-fund-open-call-2025-autumn\/\"},\"wordCount\":374,\"publisher\":{\"@id\":\"https:\/\/modemart.hu\/#organization\"},\"image\":{\"@id\":\"https:\/\/modemart.hu\/en\/modem-air-residency-visegrad-fund-open-call-2025-autumn\/#primaryimage\"},\"thumbnailUrl\":\"https:\/\/modemart.hu\/wp-content\/uploads\/2025\/10\/open-call-modem-air-01-scaled.jpg\",\"articleSection\":[\"News\"],\"inLanguage\":\"en-US\"},{\"@type\":\"WebPage\",\"@id\":\"https:\/\/modemart.hu\/en\/modem-air-residency-visegrad-fund-open-call-2025-autumn\/\",\"url\":\"https:\/\/modemart.hu\/en\/modem-air-residency-visegrad-fund-open-call-2025-autumn\/\",\"name\":\"MODEM AIR Residency - Visegrad Fund Open Call 2025 Autumn\u00a0 &#8211; Modemart\",\"isPartOf\":{\"@id\":\"https:\/\/modemart.hu\/#website\"},\"primaryImageOfPage\":{\"@id\":\"https:\/\/modemart.hu\/en\/modem-air-residency-visegrad-fund-open-call-2025-autumn\/#primaryimage\"},\"image\":{\"@id\":\"https:\/\/modemart.hu\/en\/modem-air-residency-visegrad-fund-open-call-2025-autumn\/#primaryimage\"},\"thumbnailUrl\":\"https:\/\/modemart.hu\/wp-content\/uploads\/2025\/10\/open-call-modem-air-01-scaled.jpg\",\"datePublished\":\"2025-10-02T07:47:31+00:00\",\"dateModified\":\"2025-10-10T08:30:59+00:00\",\"breadcrumb\":{\"@id\":\"https:\/\/modemart.hu\/en\/modem-air-residency-visegrad-fund-open-call-2025-autumn\/#breadcrumb\"},\"inLanguage\":\"en-US\",\"potentialAction\":[{\"@type\":\"ReadAction\",\"target\":[\"https:\/\/modemart.hu\/en\/modem-air-residency-visegrad-fund-open-call-2025-autumn\/\"]}]},{\"@type\":\"ImageObject\",\"inLanguage\":\"en-US\",\"@id\":\"https:\/\/modemart.hu\/en\/modem-air-residency-visegrad-fund-open-call-2025-autumn\/#primaryimage\",\"url\":\"https:\/\/modemart.hu\/wp-content\/uploads\/2025\/10\/open-call-modem-air-01-scaled.jpg\",\"contentUrl\":\"https:\/\/modemart.hu\/wp-content\/uploads\/2025\/10\/open-call-modem-air-01-scaled.jpg\",\"width\":2046,\"height\":2560},{\"@type\":\"BreadcrumbList\",\"@id\":\"https:\/\/modemart.hu\/en\/modem-air-residency-visegrad-fund-open-call-2025-autumn\/#breadcrumb\",\"itemListElement\":[{\"@type\":\"ListItem\",\"position\":1,\"name\":\"Home\",\"item\":\"https:\/\/modemart.hu\/\"},{\"@type\":\"ListItem\",\"position\":2,\"name\":\"MODEM AIR Residency &#8211; Visegrad Fund Open Call 2025 Autumn\u00a0\"}]},{\"@type\":\"WebSite\",\"@id\":\"https:\/\/modemart.hu\/#website\",\"url\":\"https:\/\/modemart.hu\/\",\"name\":\"Modemart\",\"description\":\"Center for Modern and Contemporary Art\",\"publisher\":{\"@id\":\"https:\/\/modemart.hu\/#organization\"},\"potentialAction\":[{\"@type\":\"SearchAction\",\"target\":{\"@type\":\"EntryPoint\",\"urlTemplate\":\"https:\/\/modemart.hu\/?s={search_term_string}\"},\"query-input\":{\"@type\":\"PropertyValueSpecification\",\"valueRequired\":true,\"valueName\":\"search_term_string\"}}],\"inLanguage\":\"en-US\"},{\"@type\":\"Organization\",\"@id\":\"https:\/\/modemart.hu\/#organization\",\"name\":\"Modemart\",\"url\":\"https:\/\/modemart.hu\/\",\"logo\":{\"@type\":\"ImageObject\",\"inLanguage\":\"en-US\",\"@id\":\"https:\/\/modemart.hu\/#\/schema\/logo\/image\/\",\"url\":\"https:\/\/modemart.hu\/wp-content\/uploads\/2022\/07\/modemlogo.png\",\"contentUrl\":\"https:\/\/modemart.hu\/wp-content\/uploads\/2022\/07\/modemlogo.png\",\"width\":260,\"height\":136,\"caption\":\"Modemart\"},\"image\":{\"@id\":\"https:\/\/modemart.hu\/#\/schema\/logo\/image\/\"},\"sameAs\":[\"https:\/\/hu-hu.facebook.com\/modemdebrecen\/\"]},{\"@type\":\"Person\",\"@id\":\"https:\/\/modemart.hu\/#\/schema\/person\/9880b61373d3f2e4288cc1a5b5d664e1\",\"name\":\"Modem Art\",\"image\":{\"@type\":\"ImageObject\",\"inLanguage\":\"en-US\",\"@id\":\"https:\/\/modemart.hu\/#\/schema\/person\/image\/\",\"url\":\"https:\/\/secure.gravatar.com\/avatar\/80124e1fe511c0e5f7d7834c5ae56453?s=96&d=mm&r=g\",\"contentUrl\":\"https:\/\/secure.gravatar.com\/avatar\/80124e1fe511c0e5f7d7834c5ae56453?s=96&d=mm&r=g\",\"caption\":\"Modem Art\"}}]}<\/script>\n<!-- \/ Yoast SEO plugin. -->","yoast_head_json":{"title":"MODEM AIR Residency - Visegrad Fund Open Call 2025 Autumn\u00a0 &#8211; Modemart","robots":{"index":"index","follow":"follow","max-snippet":"max-snippet:-1","max-image-preview":"max-image-preview:large","max-video-preview":"max-video-preview:-1"},"canonical":"https:\/\/modemart.hu\/en\/modem-air-residency-visegrad-fund-open-call-2025-autumn\/","og_locale":"en_US","og_type":"article","og_title":"MODEM AIR Residency - Visegrad Fund Open Call 2025 Autumn\u00a0 &#8211; Modemart","og_description":"MODEM invites applications for its MODEM AIR Residency, offering international artists from Visegrad countries (Czech Republic, Poland, Slovakia) the opportunity to develop new work in a supportive environment in Debrecen, Hungary.&nbsp; Who Can Apply&nbsp; Residency Details&nbsp; Application Requirements&nbsp; Submit the following documents via&nbsp;Google Form:&nbsp; Applicants may&nbsp;indicate&nbsp;any&nbsp;special requirements&nbsp;(technical, accessibility, family, or pets). MODEM will consider these&hellip;","og_url":"https:\/\/modemart.hu\/en\/modem-air-residency-visegrad-fund-open-call-2025-autumn\/","og_site_name":"Modemart","article_publisher":"https:\/\/hu-hu.facebook.com\/modemdebrecen\/","article_published_time":"2025-10-02T07:47:31+00:00","article_modified_time":"2025-10-10T08:30:59+00:00","og_image":[{"width":2046,"height":2560,"url":"https:\/\/modemart.hu\/wp-content\/uploads\/2025\/10\/open-call-modem-air-01-scaled.jpg","type":"image\/jpeg"}],"author":"Modem Art","twitter_card":"summary_large_image","twitter_misc":{"Written by":"Modem Art","Est. reading time":"2 minutes"},"schema":{"@context":"https:\/\/schema.org","@graph":[{"@type":"Article","@id":"https:\/\/modemart.hu\/en\/modem-air-residency-visegrad-fund-open-call-2025-autumn\/#article","isPartOf":{"@id":"https:\/\/modemart.hu\/en\/modem-air-residency-visegrad-fund-open-call-2025-autumn\/"},"author":{"name":"Modem Art","@id":"https:\/\/modemart.hu\/#\/schema\/person\/9880b61373d3f2e4288cc1a5b5d664e1"},"headline":"MODEM AIR Residency &#8211; Visegrad Fund Open Call 2025 Autumn\u00a0","datePublished":"2025-10-02T07:47:31+00:00","dateModified":"2025-10-10T08:30:59+00:00","mainEntityOfPage":{"@id":"https:\/\/modemart.hu\/en\/modem-air-residency-visegrad-fund-open-call-2025-autumn\/"},"wordCount":374,"publisher":{"@id":"https:\/\/modemart.hu\/#organization"},"image":{"@id":"https:\/\/modemart.hu\/en\/modem-air-residency-visegrad-fund-open-call-2025-autumn\/#primaryimage"},"thumbnailUrl":"https:\/\/modemart.hu\/wp-content\/uploads\/2025\/10\/open-call-modem-air-01-scaled.jpg","articleSection":["News"],"inLanguage":"en-US"},{"@type":"WebPage","@id":"https:\/\/modemart.hu\/en\/modem-air-residency-visegrad-fund-open-call-2025-autumn\/","url":"https:\/\/modemart.hu\/en\/modem-air-residency-visegrad-fund-open-call-2025-autumn\/","name":"MODEM AIR Residency - Visegrad Fund Open Call 2025 Autumn\u00a0 &#8211; Modemart","isPartOf":{"@id":"https:\/\/modemart.hu\/#website"},"primaryImageOfPage":{"@id":"https:\/\/modemart.hu\/en\/modem-air-residency-visegrad-fund-open-call-2025-autumn\/#primaryimage"},"image":{"@id":"https:\/\/modemart.hu\/en\/modem-air-residency-visegrad-fund-open-call-2025-autumn\/#primaryimage"},"thumbnailUrl":"https:\/\/modemart.hu\/wp-content\/uploads\/2025\/10\/open-call-modem-air-01-scaled.jpg","datePublished":"2025-10-02T07:47:31+00:00","dateModified":"2025-10-10T08:30:59+00:00","breadcrumb":{"@id":"https:\/\/modemart.hu\/en\/modem-air-residency-visegrad-fund-open-call-2025-autumn\/#breadcrumb"},"inLanguage":"en-US","potentialAction":[{"@type":"ReadAction","target":["https:\/\/modemart.hu\/en\/modem-air-residency-visegrad-fund-open-call-2025-autumn\/"]}]},{"@type":"ImageObject","inLanguage":"en-US","@id":"https:\/\/modemart.hu\/en\/modem-air-residency-visegrad-fund-open-call-2025-autumn\/#primaryimage","url":"https:\/\/modemart.hu\/wp-content\/uploads\/2025\/10\/open-call-modem-air-01-scaled.jpg","contentUrl":"https:\/\/modemart.hu\/wp-content\/uploads\/2025\/10\/open-call-modem-air-01-scaled.jpg","width":2046,"height":2560},{"@type":"BreadcrumbList","@id":"https:\/\/modemart.hu\/en\/modem-air-residency-visegrad-fund-open-call-2025-autumn\/#breadcrumb","itemListElement":[{"@type":"ListItem","position":1,"name":"Home","item":"https:\/\/modemart.hu\/"},{"@type":"ListItem","position":2,"name":"MODEM AIR Residency &#8211; Visegrad Fund Open Call 2025 Autumn\u00a0"}]},{"@type":"WebSite","@id":"https:\/\/modemart.hu\/#website","url":"https:\/\/modemart.hu\/","name":"Modemart","description":"Center for Modern and Contemporary Art","publisher":{"@id":"https:\/\/modemart.hu\/#organization"},"potentialAction":[{"@type":"SearchAction","target":{"@type":"EntryPoint","urlTemplate":"https:\/\/modemart.hu\/?s={search_term_string}"},"query-input":{"@type":"PropertyValueSpecification","valueRequired":true,"valueName":"search_term_string"}}],"inLanguage":"en-US"},{"@type":"Organization","@id":"https:\/\/modemart.hu\/#organization","name":"Modemart","url":"https:\/\/modemart.hu\/","logo":{"@type":"ImageObject","inLanguage":"en-US","@id":"https:\/\/modemart.hu\/#\/schema\/logo\/image\/","url":"https:\/\/modemart.hu\/wp-content\/uploads\/2022\/07\/modemlogo.png","contentUrl":"https:\/\/modemart.hu\/wp-content\/uploads\/2022\/07\/modemlogo.png","width":260,"height":136,"caption":"Modemart"},"image":{"@id":"https:\/\/modemart.hu\/#\/schema\/logo\/image\/"},"sameAs":["https:\/\/hu-hu.facebook.com\/modemdebrecen\/"]},{"@type":"Person","@id":"https:\/\/modemart.hu\/#\/schema\/person\/9880b61373d3f2e4288cc1a5b5d664e1","name":"Modem Art","image":{"@type":"ImageObject","inLanguage":"en-US","@id":"https:\/\/modemart.hu\/#\/schema\/person\/image\/","url":"https:\/\/secure.gravatar.com\/avatar\/80124e1fe511c0e5f7d7834c5ae56453?s=96&d=mm&r=g","contentUrl":"https:\/\/secure.gravatar.com\/avatar\/80124e1fe511c0e5f7d7834c5ae56453?s=96&d=mm&r=g","caption":"Modem Art"}}]}},"jetpack_featured_media_url":"https:\/\/modemart.hu\/wp-content\/uploads\/2025\/10\/open-call-modem-air-01-scaled.jpg","_links":{"self":[{"href":"https:\/\/modemart.hu\/en\/wp-json\/wp\/v2\/posts\/42266","targetHints":{"allow":["GET"]}}],"collection":[{"href":"https:\/\/modemart.hu\/en\/wp-json\/wp\/v2\/posts"}],"about":[{"href":"https:\/\/modemart.hu\/en\/wp-json\/wp\/v2\/types\/post"}],"author":[{"embeddable":true,"href":"https:\/\/modemart.hu\/en\/wp-json\/wp\/v2\/users\/5"}],"replies":[{"embeddable":true,"href":"https:\/\/modemart.hu\/en\/wp-json\/wp\/v2\/comments?post=42266"}],"version-history":[{"count":5,"href":"https:\/\/modemart.hu\/en\/wp-json\/wp\/v2\/posts\/42266\/revisions"}],"predecessor-version":[{"id":42369,"href":"https:\/\/modemart.hu\/en\/wp-json\/wp\/v2\/posts\/42266\/revisions\/42369"}],"wp:featuredmedia":[{"embeddable":true,"href":"https:\/\/modemart.hu\/en\/wp-json\/wp\/v2\/media\/42279"}],"wp:attachment":[{"href":"https:\/\/modemart.hu\/en\/wp-json\/wp\/v2\/media?parent=42266"}],"wp:term":[{"taxonomy":"category","embeddable":true,"href":"https:\/\/modemart.hu\/en\/wp-json\/wp\/v2\/categories?post=42266"},{"taxonomy":"post_tag","embeddable":true,"href":"https:\/\/modemart.hu\/en\/wp-json\/wp\/v2\/tags?post=42266"}],"curies":[{"name":"wp","href":"https:\/\/api.w.org\/{rel}","templated":true}]}}